{"id":509,"date":"2020-09-16T12:08:10","date_gmt":"2020-09-16T12:08:10","guid":{"rendered":"https:\/\/tvc16.com\/portal\/?p=509"},"modified":"2020-09-16T13:00:44","modified_gmt":"2020-09-16T13:00:44","slug":"servico-coronavirus-bares-poderao-retomar-atividade-a-partir-de-segunda-feira-dia-21","status":"publish","type":"post","link":"https:\/\/tvc16.com\/portal\/2020\/09\/16\/servico-coronavirus-bares-poderao-retomar-atividade-a-partir-de-segunda-feira-dia-21\/","title":{"rendered":"Bares poder\u00e3o retomar atividade em Petr\u00f3polis a partir de segunda-feira, dia 21"},"content":{"rendered":"\n<p>A Prefeitura de Petr\u00f3polis, informou o retorno das atividades de bares, dentro do processo de flexibiliza\u00e7\u00e3o das atividades econ\u00f4micas, no cen\u00e1rio de enfrentamento ao novo Coronav\u00edrus. A partir de segunda-feira (21.09), os estabelecimentos poder\u00e3o voltar a funcionar, respeitando as medidas de sa\u00fade p\u00fablica elaboradas pela Vigil\u00e2ncia Sanit\u00e1ria, a fim de conter a dissemina\u00e7\u00e3o da Covid-19.<\/p>\n\n\n\n<p>Na reuni\u00e3o, realizada na ter\u00e7a-feira (15), foi anunciado ainda que a norma t\u00e9cnica e demais regramentos, como hor\u00e1rio de funcionamento, por exemplo, ser\u00e3o divulgados na pr\u00f3xima sexta-feira (18) por meio do decreto, a ser publicado do Di\u00e1rio Oficial do Munic\u00edpio.<\/p>\n\n\n\n<p>Entre as medidas que dever\u00e3o ser adotadas para flexibilizar a atividade est\u00e3o o distanciamento de no m\u00ednimo 1,5 metro entre os consumidores, o respeito \u00e0 lota\u00e7\u00e3o de 30% da capacidade m\u00e1xima e a higieniza\u00e7\u00e3o e oferta de \u00e1lcool em gel 70% para funcion\u00e1rios e clientes. Os estabelecimentos que descumprirem as regras estabelecidas nesta etapa ser\u00e3o autuados e multados.<\/p>\n","protected":false},"excerpt":{"rendered":"<p>A Prefeitura de Petr\u00f3polis, informou o retorno das atividades de bares, dentro do processo de<\/p>\n","protected":false},"author":2,"featured_media":510,"comment_status":"open","ping_status":"open","sticky":false,"template":"","format":"standard","meta":{"footnotes":""},"categories":[12],"tags":[],"class_list":["post-509","post","type-post","status-publish","format-standard","has-post-thumbnail","hentry","category-cidade"],"_links":{"self":[{"href":"https:\/\/tvc16.com\/portal\/wp-json\/wp\/v2\/posts\/509","targetHints":{"allow":["GET"]}}],"collection":[{"href":"https:\/\/tvc16.com\/portal\/wp-json\/wp\/v2\/posts"}],"about":[{"href":"https:\/\/tvc16.com\/portal\/wp-json\/wp\/v2\/types\/post"}],"author":[{"embeddable":true,"href":"https:\/\/tvc16.com\/portal\/wp-json\/wp\/v2\/users\/2"}],"replies":[{"embeddable":true,"href":"https:\/\/tvc16.com\/portal\/wp-json\/wp\/v2\/comments?post=509"}],"version-history":[{"count":3,"href":"https:\/\/tvc16.com\/portal\/wp-json\/wp\/v2\/posts\/509\/revisions"}],"predecessor-version":[{"id":546,"href":"https:\/\/tvc16.com\/portal\/wp-json\/wp\/v2\/posts\/509\/revisions\/546"}],"wp:featuredmedia":[{"embeddable":true,"href":"https:\/\/tvc16.com\/portal\/wp-json\/wp\/v2\/media\/510"}],"wp:attachment":[{"href":"https:\/\/tvc16.com\/portal\/wp-json\/wp\/v2\/media?parent=509"}],"wp:term":[{"taxonomy":"category","embeddable":true,"href":"https:\/\/tvc16.com\/portal\/wp-json\/wp\/v2\/categories?post=509"},{"taxonomy":"post_tag","embeddable":true,"href":"https:\/\/tvc16.com\/portal\/wp-json\/wp\/v2\/tags?post=509"}],"curies":[{"name":"wp","href":"https:\/\/api.w.org\/{rel}","templated":true}]}}