{"id":5092,"date":"2020-11-06T23:00:11","date_gmt":"2020-11-06T23:00:11","guid":{"rendered":"https:\/\/tvc16.com\/portal\/?p=5092"},"modified":"2020-11-06T23:00:11","modified_gmt":"2020-11-06T23:00:11","slug":"prefeito-bernardo-rossi-afirma-que-esta-curado-do-novo-coronavirus","status":"publish","type":"post","link":"https:\/\/tvc16.com\/portal\/2020\/11\/06\/prefeito-bernardo-rossi-afirma-que-esta-curado-do-novo-coronavirus\/","title":{"rendered":"Prefeito Bernardo Rossi afirma que est\u00e1 curado do novo coronav\u00edrus"},"content":{"rendered":"\n<p>O prefeito Bernardo Rossi afirmou nesta sexta-feira (06) nas redes sociais, que est\u00e1 curado do novo coronav\u00edrus. Ele ainda agradeceu as ora\u00e7\u00f5es e mensagens de apoio que recebeu durante o per\u00edodo em que precisou ficar isolado se recuperando da doen\u00e7a. No v\u00eddeo publicado ele ainda afirma que est\u00e1 pronto para retomar a campanha nas ruas.<\/p>\n\n\n\n<p>\u201cEstou liberado pelos m\u00e9dicos, fiz meu exame de Covid-19 de novo e testei negativo: n\u00e3o estou mais transmitindo o v\u00edrus. Quem me conhece sabe o quanto esse tempo longe das ruas foi dif\u00edcil pra mim, principalmente neste momento. Tenho certeza que as ora\u00e7\u00f5es de voc\u00eas por mim e pela minha fam\u00edlia fizeram a diferen\u00e7a. Nunca vou esquecer o carinho que voc\u00eas me mandaram! Eu senti esse amor e vou retribuir colocando toda a minha energia nessa reta final\u201d, disse Bernardo Rossi.<\/p>\n","protected":false},"excerpt":{"rendered":"<p>O prefeito Bernardo Rossi afirmou nesta sexta-feira (06) nas redes sociais, que est\u00e1 curado do<\/p>\n","protected":false},"author":2,"featured_media":5093,"comment_status":"open","ping_status":"open","sticky":false,"template":"","format":"standard","meta":{"footnotes":""},"categories":[12],"tags":[],"class_list":["post-5092","post","type-post","status-publish","format-standard","has-post-thumbnail","hentry","category-cidade"],"_links":{"self":[{"href":"https:\/\/tvc16.com\/portal\/wp-json\/wp\/v2\/posts\/5092","targetHints":{"allow":["GET"]}}],"collection":[{"href":"https:\/\/tvc16.com\/portal\/wp-json\/wp\/v2\/posts"}],"about":[{"href":"https:\/\/tvc16.com\/portal\/wp-json\/wp\/v2\/types\/post"}],"author":[{"embeddable":true,"href":"https:\/\/tvc16.com\/portal\/wp-json\/wp\/v2\/users\/2"}],"replies":[{"embeddable":true,"href":"https:\/\/tvc16.com\/portal\/wp-json\/wp\/v2\/comments?post=5092"}],"version-history":[{"count":1,"href":"https:\/\/tvc16.com\/portal\/wp-json\/wp\/v2\/posts\/5092\/revisions"}],"predecessor-version":[{"id":5094,"href":"https:\/\/tvc16.com\/portal\/wp-json\/wp\/v2\/posts\/5092\/revisions\/5094"}],"wp:featuredmedia":[{"embeddable":true,"href":"https:\/\/tvc16.com\/portal\/wp-json\/wp\/v2\/media\/5093"}],"wp:attachment":[{"href":"https:\/\/tvc16.com\/portal\/wp-json\/wp\/v2\/media?parent=5092"}],"wp:term":[{"taxonomy":"category","embeddable":true,"href":"https:\/\/tvc16.com\/portal\/wp-json\/wp\/v2\/categories?post=5092"},{"taxonomy":"post_tag","embeddable":true,"href":"https:\/\/tvc16.com\/portal\/wp-json\/wp\/v2\/tags?post=5092"}],"curies":[{"name":"wp","href":"https:\/\/api.w.org\/{rel}","templated":true}]}}