{"id":5095,"date":"2020-11-07T15:10:28","date_gmt":"2020-11-07T15:10:28","guid":{"rendered":"https:\/\/tvc16.com\/portal\/?p=5095"},"modified":"2020-11-07T15:10:28","modified_gmt":"2020-11-07T15:10:28","slug":"mais-oito-pessoas-morrem-por-covid-19","status":"publish","type":"post","link":"https:\/\/tvc16.com\/portal\/2020\/11\/07\/mais-oito-pessoas-morrem-por-covid-19\/","title":{"rendered":"Mais oito pessoas morrem por Covid-19"},"content":{"rendered":"\n<p>Mais oito \u00f3bitos causados pela covid-19 foram confirmados pela Secretaria Municipal de Sa\u00fade no fim da tarde dessa sexta-feira (06), em Petr\u00f3polis. Seis v\u00edtimas estavam internadas na rede particular, uma na rede municipal e outra morreu em casa. De acordo com o boletim epidemiol\u00f3gico, foram contabilizados, ainda, 23 novos casos da doen\u00e7a nas \u00faltimas 24 horas. A cidade soma, agora, com 8.059 confirma\u00e7\u00f5es e 280 mortes provocadas pelo coronavirus, n\u00fameros registrados diariamente desde 17 de mar\u00e7o.<\/p>\n\n\n\n<p><strong>As v\u00edtimas divulgadas nesta sexta-feira (06) s\u00e3o:<\/strong><\/p>\n\n\n\n<p>\u2013 Homem, de 97 anos, morador do Centro. Ele foi internado no dia 29 de outubro no Hospital Municipal Nelson de S\u00e1 Earp (HMNSE) e faleceu na quarta-feira (04).Paciente com diabetes.<\/p>\n\n\n\n<p><br>\u2013 Homem, 56 anos, morador do Retiro. Paciente com hipertens\u00e3o arterial e diabetes, faleceu em casa no dia 10 de outubro.<\/p>\n\n\n\n<p><br>\u2013 Homem, de 94 anos, morador do Meio da Serra. Ele foi internado no dia 02 de outubro no Hospital Nossa Senhora Aparecida (HNSA) e faleceu no dia 21 de outubro. Paciente com hipertens\u00e3o arterial e diabetes.<\/p>\n\n\n\n<p><br>\u2013 Mulher, de 91 anos, moradora do Retiro. Ele foi internado no dia 29 de setembro no Hospital Nossa Senhora Aparecida (HNSA) e faleceu no dia 01\u00ba de outubro. Paciente com hipertens\u00e3o arterial.<\/p>\n\n\n\n<p><br>\u2013 Mulher, de 76 anos, moradora de Nogueira. Ela foi internada no dia 27 de outubro no Hospital Unimed e faleceu ontem (05). Paciente com diabetes e doen\u00e7a cardiovascular cr\u00f4nica.<\/p>\n\n\n\n<p><br>\u2013 Mulher, de 43 anos, moradora do Valpara\u00edso. Ela foi internada no dia 21 de setembro no Hospital Nossa Senhora Aparecida (HNSA) e faleceu no dia 02 de outubro. Paciente com meningioma.<\/p>\n\n\n\n<p><br>\u2013 Mulher, de 41 anos, moradora do S\u00e3o Sebasti\u00e3o. Ela foi internada no dia 17 de outubro no Hospital Nossa Senhora Aparecida (HNSA) e faleceu no dia 27 de outubro. Paciente com hepatopatia.<\/p>\n\n\n\n<p><br>\u2013 Mulher, de 74 anos, moradora do Carangola. Ela foi internada no dia 04 de setembro no Hospital Clinico de Corr\u00eaas (HCC) e faleceu no dia 29 de outubro. Paciente com doen\u00e7a renal cr\u00f4nica.<\/p>\n\n\n\n<p><br>Segundo os dados da Sa\u00fade, at\u00e9 o momento foram realizados 70.208 testes na cidade. Desses, 61.631 resultaram negativos, 8.059 positivos e 518 est\u00e3o em an\u00e1lise, entre PCR e testes r\u00e1pidos. H\u00e1 60 pacientes internados na cidade, podendo ser casos positivos ou ainda em investiga\u00e7\u00e3o esperando o resultado do teste.<\/p>\n\n\n\n<p>Do total de petropolitanos que testaram positivo, 6.542 est\u00e3o recuperados do coronav\u00edrus. Esse n\u00famero se refere \u00e0s pessoas que estiveram internadas nas unidades hospitalares da cidade ou que se mantiveram em isolamento domiciliar e que, hoje, n\u00e3o apresentam mais os principais sintomas da doen\u00e7a.<\/p>\n\n\n\n<p>Nesta sexta-feira (06), o munic\u00edpio contabiliza pelo SUS 11,11% dos leitos cl\u00ednicos e 33,33% de UTI ocupados com pacientes infectados com coronav\u00edrus. <\/p>\n\n\n\n<p>A Secretaria de Sa\u00fade ressalta que os n\u00fameros de pacientes internados s\u00e3o referentes a todos os hospitais de Petr\u00f3polis, incluindo os particulares. J\u00e1 a taxa apresentada na tabela identifica a ocupa\u00e7\u00e3o dos leitos disponibilizados somente pelo SUS. Por essa raz\u00e3o, mesmo que haja oscila\u00e7\u00e3o no n\u00famero de internados, n\u00e3o necessariamente a taxa de ocupa\u00e7\u00e3o ser\u00e1 alterada.<\/p>\n","protected":false},"excerpt":{"rendered":"<p>Mais oito \u00f3bitos causados pela covid-19 foram confirmados pela Secretaria Municipal de Sa\u00fade no fim<\/p>\n","protected":false},"author":2,"featured_media":5096,"comment_status":"open","ping_status":"open","sticky":false,"template":"","format":"standard","meta":{"footnotes":""},"categories":[12],"tags":[],"class_list":["post-5095","post","type-post","status-publish","format-standard","has-post-thumbnail","hentry","category-cidade"],"_links":{"self":[{"href":"https:\/\/tvc16.com\/portal\/wp-json\/wp\/v2\/posts\/5095","targetHints":{"allow":["GET"]}}],"collection":[{"href":"https:\/\/tvc16.com\/portal\/wp-json\/wp\/v2\/posts"}],"about":[{"href":"https:\/\/tvc16.com\/portal\/wp-json\/wp\/v2\/types\/post"}],"author":[{"embeddable":true,"href":"https:\/\/tvc16.com\/portal\/wp-json\/wp\/v2\/users\/2"}],"replies":[{"embeddable":true,"href":"https:\/\/tvc16.com\/portal\/wp-json\/wp\/v2\/comments?post=5095"}],"version-history":[{"count":1,"href":"https:\/\/tvc16.com\/portal\/wp-json\/wp\/v2\/posts\/5095\/revisions"}],"predecessor-version":[{"id":5097,"href":"https:\/\/tvc16.com\/portal\/wp-json\/wp\/v2\/posts\/5095\/revisions\/5097"}],"wp:featuredmedia":[{"embeddable":true,"href":"https:\/\/tvc16.com\/portal\/wp-json\/wp\/v2\/media\/5096"}],"wp:attachment":[{"href":"https:\/\/tvc16.com\/portal\/wp-json\/wp\/v2\/media?parent=5095"}],"wp:term":[{"taxonomy":"category","embeddable":true,"href":"https:\/\/tvc16.com\/portal\/wp-json\/wp\/v2\/categories?post=5095"},{"taxonomy":"post_tag","embeddable":true,"href":"https:\/\/tvc16.com\/portal\/wp-json\/wp\/v2\/tags?post=5095"}],"curies":[{"name":"wp","href":"https:\/\/api.w.org\/{rel}","templated":true}]}}