{"id":5098,"date":"2020-11-07T15:12:05","date_gmt":"2020-11-07T15:12:05","guid":{"rendered":"https:\/\/tvc16.com\/portal\/?p=5098"},"modified":"2020-11-07T15:12:05","modified_gmt":"2020-11-07T15:12:05","slug":"mulher-queimada-viva-no-sertao-do-carangola-morre","status":"publish","type":"post","link":"https:\/\/tvc16.com\/portal\/2020\/11\/07\/mulher-queimada-viva-no-sertao-do-carangola-morre\/","title":{"rendered":"Mulher queimada viva no Sert\u00e3o do Carangola morre"},"content":{"rendered":"\n<p>A mulher de 38 anos, que teve 60% do corpo queimado, na \u00faltima ter\u00e7a-feira (03), morreu na sexta-feira (06), tr\u00eas dias ap\u00f3s o crime cometido no Vale do Carangola. A Pol\u00edcia Civil investiga o caso como tentativa de feminic\u00eddio. A v\u00edtima estava internada no Hospital Alcides Carneiro (HAC), em estado grave. O corpo da mulher foi levado para o Instituto M\u00e9dico Legal (IML).<\/p>\n\n\n\n<p>O ex-marido da v\u00edtima tamb\u00e9m est\u00e1 internado, no Hospital Santa Teresa (HST), com escoria\u00e7\u00f5es e m\u00faltiplas fraturas. Ele foi agredido por moradores da regi\u00e3o que acretam que ele seja respons\u00e1vel pelo crime. Apesar disso, a delegada titular da 105\u00aa Delegacia de Pol\u00edcia, Juliana Ziehe, n\u00e3o confirmou se ele \u00e9 considerado suspeito. Mais informa\u00e7\u00f5es sobre o caso ser\u00e3o disponibilizadas ainda hoje (07) pela pol\u00edcia.<\/p>\n","protected":false},"excerpt":{"rendered":"<p>A mulher de 38 anos, que teve 60% do corpo queimado, na \u00faltima ter\u00e7a-feira (03),<\/p>\n","protected":false},"author":2,"featured_media":5099,"comment_status":"open","ping_status":"open","sticky":false,"template":"","format":"standard","meta":{"footnotes":""},"categories":[12],"tags":[],"class_list":["post-5098","post","type-post","status-publish","format-standard","has-post-thumbnail","hentry","category-cidade"],"_links":{"self":[{"href":"https:\/\/tvc16.com\/portal\/wp-json\/wp\/v2\/posts\/5098","targetHints":{"allow":["GET"]}}],"collection":[{"href":"https:\/\/tvc16.com\/portal\/wp-json\/wp\/v2\/posts"}],"about":[{"href":"https:\/\/tvc16.com\/portal\/wp-json\/wp\/v2\/types\/post"}],"author":[{"embeddable":true,"href":"https:\/\/tvc16.com\/portal\/wp-json\/wp\/v2\/users\/2"}],"replies":[{"embeddable":true,"href":"https:\/\/tvc16.com\/portal\/wp-json\/wp\/v2\/comments?post=5098"}],"version-history":[{"count":1,"href":"https:\/\/tvc16.com\/portal\/wp-json\/wp\/v2\/posts\/5098\/revisions"}],"predecessor-version":[{"id":5100,"href":"https:\/\/tvc16.com\/portal\/wp-json\/wp\/v2\/posts\/5098\/revisions\/5100"}],"wp:featuredmedia":[{"embeddable":true,"href":"https:\/\/tvc16.com\/portal\/wp-json\/wp\/v2\/media\/5099"}],"wp:attachment":[{"href":"https:\/\/tvc16.com\/portal\/wp-json\/wp\/v2\/media?parent=5098"}],"wp:term":[{"taxonomy":"category","embeddable":true,"href":"https:\/\/tvc16.com\/portal\/wp-json\/wp\/v2\/categories?post=5098"},{"taxonomy":"post_tag","embeddable":true,"href":"https:\/\/tvc16.com\/portal\/wp-json\/wp\/v2\/tags?post=5098"}],"curies":[{"name":"wp","href":"https:\/\/api.w.org\/{rel}","templated":true}]}}