{"id":5101,"date":"2020-11-07T15:13:46","date_gmt":"2020-11-07T15:13:46","guid":{"rendered":"https:\/\/tvc16.com\/portal\/?p=5101"},"modified":"2020-11-07T15:13:46","modified_gmt":"2020-11-07T15:13:46","slug":"policia-civil-prende-mulher-acusada-de-homicidio-na-estrada-philuvio-cerqueira","status":"publish","type":"post","link":"https:\/\/tvc16.com\/portal\/2020\/11\/07\/policia-civil-prende-mulher-acusada-de-homicidio-na-estrada-philuvio-cerqueira\/","title":{"rendered":"Pol\u00edcia Civil prende mulher acusada de homic\u00eddio na Estrada Philuvio Cerqueira"},"content":{"rendered":"\n<p>Homem de 55 anos foi morto a pauladas por casal<\/p>\n\n\n\n<p>Agentes da 106\u00aa Delegacia de Pol\u00edcia, em Itaipava, prenderam na sexta-feira (06), em Teres\u00f3polis, uma mulher, de 21 anos, acusada de ter participado do assassinato de Edilson Vieira da Silva, de 55 anos. O corpo da v\u00edtima foi encontrado por populares no dia 3 de setembro, no terreno da Escola Municipal Argemiro Machado, na Estrada Philuvio Cerqueira (que liga Petr\u00f3polis a Teres\u00f3polis), na altura do km 16.<\/p>\n\n\n\n<p>De acordo com as investiga\u00e7\u00f5es Edilson foi morto a pauladas devido a uma d\u00edvida, descrita pela pol\u00edcia como irris\u00f3ria. Um homem, de 33 anos, companheiro da mulher presa, tamb\u00e9m participou do homic\u00eddio e encontra-se foragido. Durante o cumprimento do mandado de pris\u00e3o tempor\u00e1ria expedido pela 1\u00aa Vara Criminal de Petr\u00f3polis, contra a acusada, os agentes ainda recuperaram bens pessoais da v\u00edtima que tinham sido roubados.<\/p>\n","protected":false},"excerpt":{"rendered":"<p>Homem de 55 anos foi morto a pauladas por casal Agentes da 106\u00aa Delegacia de<\/p>\n","protected":false},"author":2,"featured_media":5102,"comment_status":"open","ping_status":"open","sticky":false,"template":"","format":"standard","meta":{"footnotes":""},"categories":[12],"tags":[],"class_list":["post-5101","post","type-post","status-publish","format-standard","has-post-thumbnail","hentry","category-cidade"],"_links":{"self":[{"href":"https:\/\/tvc16.com\/portal\/wp-json\/wp\/v2\/posts\/5101","targetHints":{"allow":["GET"]}}],"collection":[{"href":"https:\/\/tvc16.com\/portal\/wp-json\/wp\/v2\/posts"}],"about":[{"href":"https:\/\/tvc16.com\/portal\/wp-json\/wp\/v2\/types\/post"}],"author":[{"embeddable":true,"href":"https:\/\/tvc16.com\/portal\/wp-json\/wp\/v2\/users\/2"}],"replies":[{"embeddable":true,"href":"https:\/\/tvc16.com\/portal\/wp-json\/wp\/v2\/comments?post=5101"}],"version-history":[{"count":1,"href":"https:\/\/tvc16.com\/portal\/wp-json\/wp\/v2\/posts\/5101\/revisions"}],"predecessor-version":[{"id":5103,"href":"https:\/\/tvc16.com\/portal\/wp-json\/wp\/v2\/posts\/5101\/revisions\/5103"}],"wp:featuredmedia":[{"embeddable":true,"href":"https:\/\/tvc16.com\/portal\/wp-json\/wp\/v2\/media\/5102"}],"wp:attachment":[{"href":"https:\/\/tvc16.com\/portal\/wp-json\/wp\/v2\/media?parent=5101"}],"wp:term":[{"taxonomy":"category","embeddable":true,"href":"https:\/\/tvc16.com\/portal\/wp-json\/wp\/v2\/categories?post=5101"},{"taxonomy":"post_tag","embeddable":true,"href":"https:\/\/tvc16.com\/portal\/wp-json\/wp\/v2\/tags?post=5101"}],"curies":[{"name":"wp","href":"https:\/\/api.w.org\/{rel}","templated":true}]}}