{"id":5104,"date":"2020-11-07T15:18:03","date_gmt":"2020-11-07T15:18:03","guid":{"rendered":"https:\/\/tvc16.com\/portal\/?p=5104"},"modified":"2020-11-07T15:18:03","modified_gmt":"2020-11-07T15:18:03","slug":"drogas-e-menor-sao-apreendidas-no-centro","status":"publish","type":"post","link":"https:\/\/tvc16.com\/portal\/2020\/11\/07\/drogas-e-menor-sao-apreendidas-no-centro\/","title":{"rendered":"Drogas e menor s\u00e3o apreendidas no centro"},"content":{"rendered":"\n<p>Pol\u00edcia Militar encontra drogas em casa no Centro da Cidade<\/p>\n\n\n\n<p>A Pol\u00edcia Militar recebeu informa\u00e7\u00f5es na sexta-feira (06) sobre traficantes oriundos de Acari, no Rio de Janeiro, vendendo entorpecentes na Rua Paulino Afonso, no Centro. No endere\u00e7o indicado eles identificaram um menor, de 17 anos, em frente ao im\u00f3vel apontado na den\u00fancia como sendo o local onde as drogas estariam armazenadas. Dentro da resid\u00eancia foram apreendidas 248 pedras de crack (56g), uma pedra triturada da mesma droga de 107g, 23 pinos de coca\u00edna (45g), uma faca, um celular, uma pistola com uma muni\u00e7\u00e3o e R$ 50 em dinheiro.<\/p>\n\n\n\n<p>Diante do flagrante o menor foi apreendido e encaminhado para a 105\u00aa Delegacia de Pol\u00edcia, no Retiro. Em sede policial ele foi autuado em fato an\u00e1logo por tr\u00e1fico de drogas e porte ilegal de arma de fogo \u2013 tendo em vista que no celular apreendido havia fotos do rapaz com a pistola encontrada durante a opera\u00e7\u00e3o. Os demais envolvidos n\u00e3o foram localizados.<\/p>\n","protected":false},"excerpt":{"rendered":"<p>Pol\u00edcia Militar encontra drogas em casa no Centro da Cidade A Pol\u00edcia Militar recebeu informa\u00e7\u00f5es<\/p>\n","protected":false},"author":2,"featured_media":5105,"comment_status":"open","ping_status":"open","sticky":false,"template":"","format":"standard","meta":{"footnotes":""},"categories":[12],"tags":[],"class_list":["post-5104","post","type-post","status-publish","format-standard","has-post-thumbnail","hentry","category-cidade"],"_links":{"self":[{"href":"https:\/\/tvc16.com\/portal\/wp-json\/wp\/v2\/posts\/5104","targetHints":{"allow":["GET"]}}],"collection":[{"href":"https:\/\/tvc16.com\/portal\/wp-json\/wp\/v2\/posts"}],"about":[{"href":"https:\/\/tvc16.com\/portal\/wp-json\/wp\/v2\/types\/post"}],"author":[{"embeddable":true,"href":"https:\/\/tvc16.com\/portal\/wp-json\/wp\/v2\/users\/2"}],"replies":[{"embeddable":true,"href":"https:\/\/tvc16.com\/portal\/wp-json\/wp\/v2\/comments?post=5104"}],"version-history":[{"count":1,"href":"https:\/\/tvc16.com\/portal\/wp-json\/wp\/v2\/posts\/5104\/revisions"}],"predecessor-version":[{"id":5106,"href":"https:\/\/tvc16.com\/portal\/wp-json\/wp\/v2\/posts\/5104\/revisions\/5106"}],"wp:featuredmedia":[{"embeddable":true,"href":"https:\/\/tvc16.com\/portal\/wp-json\/wp\/v2\/media\/5105"}],"wp:attachment":[{"href":"https:\/\/tvc16.com\/portal\/wp-json\/wp\/v2\/media?parent=5104"}],"wp:term":[{"taxonomy":"category","embeddable":true,"href":"https:\/\/tvc16.com\/portal\/wp-json\/wp\/v2\/categories?post=5104"},{"taxonomy":"post_tag","embeddable":true,"href":"https:\/\/tvc16.com\/portal\/wp-json\/wp\/v2\/tags?post=5104"}],"curies":[{"name":"wp","href":"https:\/\/api.w.org\/{rel}","templated":true}]}}