{"id":5111,"date":"2020-11-07T15:22:06","date_gmt":"2020-11-07T15:22:06","guid":{"rendered":"https:\/\/tvc16.com\/portal\/?p=5111"},"modified":"2020-11-07T15:22:06","modified_gmt":"2020-11-07T15:22:06","slug":"sabado-e-marcado-por-mais-um-mutirao-de-saude-no-hac","status":"publish","type":"post","link":"https:\/\/tvc16.com\/portal\/2020\/11\/07\/sabado-e-marcado-por-mais-um-mutirao-de-saude-no-hac\/","title":{"rendered":"S\u00e1bado \u00e9 marcado por mais um mutir\u00e3o de sa\u00fade no HAC"},"content":{"rendered":"\n<p>Mais um mutir\u00e3o de sa\u00fade est\u00e1 sendo realizado durante todo este s\u00e1bado no Hospital Alcides Carneiro, em Corr\u00eaas. Desde \u00e0s 07h da manh\u00e3, mais de 300 usu\u00e1rios est\u00e3o sendo atendidos com exames e consultas nas especialidades de urologia, acupuntura, cl\u00ednica m\u00e9dica, cl\u00ednica cir\u00fargica, ortopedia, cardiologia e dermatologia. Tamb\u00e9m no HAC, mais 25 pacientes realizaram exames de endoscopia neste s\u00e1bado.<\/p>\n\n\n\n<p>Hoje, tamb\u00e9m, o Posto de Sa\u00fade da Fam\u00edlia do Sargento Boening est\u00e1 oferecendo consultas de diversas especialidades e testagem r\u00e1pida aos pacientes. No Posto de Sa\u00fade da Fam\u00edlia do Meio da Serra, mais de 50 pacientes ser\u00e3o atendidos durante todo o dia com consultas de m\u00e9dicos cl\u00ednicos e dentistas. As a\u00e7\u00f5es tamb\u00e9m fazem parte da Campanha Novembro Azul. Outras unidades de sa\u00fade do munic\u00edpio ir\u00e3o prestar atendimentos cl\u00ednicos e cir\u00fargicos durante todo o m\u00eas de novembro.<\/p>\n\n\n\n<p>Demais a\u00e7\u00f5es t\u00eam como objetivo esclarecer os cuidados espec\u00edficos da sa\u00fade masculina e incentivar os parceiros ao acompanhamento do pr\u00e9-natal das mulheres. Todas as unidades estar\u00e3o de portas abertas ao atendimento na cidade. O Minist\u00e9rio da Sa\u00fade pretende, este ano, sensibilizar os homens em rela\u00e7\u00e3o aos seus cuidados b\u00e1sicos, a\u00e7\u00f5es de autocuidado e cuidado integral.<\/p>\n\n\n\n<p>A estrat\u00e9gia adotada pela Secretaria Municipal de Sa\u00fade visa o esclarecimento de doen\u00e7as pertinentes aos homens e traz neste ano, al\u00e9m dos cuidados em rela\u00e7\u00e3o ao c\u00e2ncer de pr\u00f3stata, foco da campanha, outras in\u00fameras informa\u00e7\u00f5es relativas \u00e0 preven\u00e7\u00e3o do c\u00e2ncer de boca, em expressivo crescimento devido ao abuso de \u00e1lcool e tabagismo em todo o Estado.<\/p>\n","protected":false},"excerpt":{"rendered":"<p>Mais um mutir\u00e3o de sa\u00fade est\u00e1 sendo realizado durante todo este s\u00e1bado no Hospital Alcides<\/p>\n","protected":false},"author":2,"featured_media":5112,"comment_status":"open","ping_status":"open","sticky":false,"template":"","format":"standard","meta":{"footnotes":""},"categories":[12],"tags":[],"class_list":["post-5111","post","type-post","status-publish","format-standard","has-post-thumbnail","hentry","category-cidade"],"_links":{"self":[{"href":"https:\/\/tvc16.com\/portal\/wp-json\/wp\/v2\/posts\/5111","targetHints":{"allow":["GET"]}}],"collection":[{"href":"https:\/\/tvc16.com\/portal\/wp-json\/wp\/v2\/posts"}],"about":[{"href":"https:\/\/tvc16.com\/portal\/wp-json\/wp\/v2\/types\/post"}],"author":[{"embeddable":true,"href":"https:\/\/tvc16.com\/portal\/wp-json\/wp\/v2\/users\/2"}],"replies":[{"embeddable":true,"href":"https:\/\/tvc16.com\/portal\/wp-json\/wp\/v2\/comments?post=5111"}],"version-history":[{"count":1,"href":"https:\/\/tvc16.com\/portal\/wp-json\/wp\/v2\/posts\/5111\/revisions"}],"predecessor-version":[{"id":5113,"href":"https:\/\/tvc16.com\/portal\/wp-json\/wp\/v2\/posts\/5111\/revisions\/5113"}],"wp:featuredmedia":[{"embeddable":true,"href":"https:\/\/tvc16.com\/portal\/wp-json\/wp\/v2\/media\/5112"}],"wp:attachment":[{"href":"https:\/\/tvc16.com\/portal\/wp-json\/wp\/v2\/media?parent=5111"}],"wp:term":[{"taxonomy":"category","embeddable":true,"href":"https:\/\/tvc16.com\/portal\/wp-json\/wp\/v2\/categories?post=5111"},{"taxonomy":"post_tag","embeddable":true,"href":"https:\/\/tvc16.com\/portal\/wp-json\/wp\/v2\/tags?post=5111"}],"curies":[{"name":"wp","href":"https:\/\/api.w.org\/{rel}","templated":true}]}}