{"id":512,"date":"2020-09-16T12:12:37","date_gmt":"2020-09-16T12:12:37","guid":{"rendered":"https:\/\/tvc16.com\/portal\/?p=512"},"modified":"2020-09-16T13:35:39","modified_gmt":"2020-09-16T13:35:39","slug":"servico-coronavirus-segunda-fase-de-flexibilizacao-da-realizacao-de-eventos","status":"publish","type":"post","link":"https:\/\/tvc16.com\/portal\/2020\/09\/16\/servico-coronavirus-segunda-fase-de-flexibilizacao-da-realizacao-de-eventos\/","title":{"rendered":"Segunda fase de flexibiliza\u00e7\u00e3o possibilita realiza\u00e7\u00e3o de eventos corporativos em Petr\u00f3polis"},"content":{"rendered":"\n<p>Desde segunda-feira est\u00e1 autorizada a realiza\u00e7\u00e3o de eventos corporativos em Petr\u00f3polis. Est\u00e3o liberados congressos, conven\u00e7\u00f5es, semin\u00e1rios, workshops, simp\u00f3sios, mesa redonda e feiras. Autoriza\u00e7\u00e3o \u00e9 condicionada \u00e0s regras previstas no decreto n\u00ba 1.320\/20, entre elas o respeito ao distanciamento m\u00ednimo de 1,5 metro, lota\u00e7\u00e3o m\u00e1xima de 50% da capacidade, evitar aglomera\u00e7\u00f5es at\u00e9 mesmo na \u00e1rea externa, bem como a higieniza\u00e7\u00e3o do local do evento e disponibiliza\u00e7\u00e3o de \u00e1lcool em gel 70%.<\/p>\n\n\n\n<p>O texto ainda retifica o art. 14\u00ba do Decreto Municipal n\u00ba 1.229, de 20 de junho de 2020. A partir de agora, \u201cos estabelecimentos cuja retomada das atividades foi autorizada poder\u00e3o funcionar: I \u2013 de 8h30 \u00e0s 17h30, se situados na Rua Teresa, Rua Aureliano Coutinho e adjac\u00eancias; II \u2013 de 9h30 \u00e0s 19h, se situados no Centro Hist\u00f3rico. \u00a7 1\u00ba \u2013 Bancos, supermercados e farm\u00e1cias localizados em todo o territ\u00f3rio municipal poder\u00e3o funcionar 24 (vinte e quatro) horas por dia, 07 (sete) dias por semana\u201d. A regra n\u00e3o se aplica a est\u00fadios de&nbsp;<em>personal trainer<\/em>&nbsp;com atendimento individualizado ou ainda aula individual de t\u00eanis e laborat\u00f3rios de curso superior e t\u00e9cnico.<\/p>\n\n\n\n<p>Esta \u00e9 a segunda fase da flexibiliza\u00e7\u00e3o de eventos no munic\u00edpio, dentro do contexto de enfrentamento ao novo coronav\u00edrus e \u00e0 Covid-19. A previs\u00e3o \u00e9 de que outros eventos, de pequeno porte, retornem a partir de novembro. Uma nota t\u00e9cnica est\u00e1 sendo elaborada junto \u00e0 Vigil\u00e2ncia Sanit\u00e1ria para definir as regras de funcionamento desse segmento.<\/p>\n","protected":false},"excerpt":{"rendered":"<p>Desde segunda-feira est\u00e1 autorizada a realiza\u00e7\u00e3o de eventos corporativos em Petr\u00f3polis. Est\u00e3o liberados congressos, conven\u00e7\u00f5es,<\/p>\n","protected":false},"author":2,"featured_media":513,"comment_status":"open","ping_status":"open","sticky":false,"template":"","format":"standard","meta":{"footnotes":""},"categories":[12],"tags":[],"class_list":["post-512","post","type-post","status-publish","format-standard","has-post-thumbnail","hentry","category-cidade"],"_links":{"self":[{"href":"https:\/\/tvc16.com\/portal\/wp-json\/wp\/v2\/posts\/512","targetHints":{"allow":["GET"]}}],"collection":[{"href":"https:\/\/tvc16.com\/portal\/wp-json\/wp\/v2\/posts"}],"about":[{"href":"https:\/\/tvc16.com\/portal\/wp-json\/wp\/v2\/types\/post"}],"author":[{"embeddable":true,"href":"https:\/\/tvc16.com\/portal\/wp-json\/wp\/v2\/users\/2"}],"replies":[{"embeddable":true,"href":"https:\/\/tvc16.com\/portal\/wp-json\/wp\/v2\/comments?post=512"}],"version-history":[{"count":5,"href":"https:\/\/tvc16.com\/portal\/wp-json\/wp\/v2\/posts\/512\/revisions"}],"predecessor-version":[{"id":552,"href":"https:\/\/tvc16.com\/portal\/wp-json\/wp\/v2\/posts\/512\/revisions\/552"}],"wp:featuredmedia":[{"embeddable":true,"href":"https:\/\/tvc16.com\/portal\/wp-json\/wp\/v2\/media\/513"}],"wp:attachment":[{"href":"https:\/\/tvc16.com\/portal\/wp-json\/wp\/v2\/media?parent=512"}],"wp:term":[{"taxonomy":"category","embeddable":true,"href":"https:\/\/tvc16.com\/portal\/wp-json\/wp\/v2\/categories?post=512"},{"taxonomy":"post_tag","embeddable":true,"href":"https:\/\/tvc16.com\/portal\/wp-json\/wp\/v2\/tags?post=512"}],"curies":[{"name":"wp","href":"https:\/\/api.w.org\/{rel}","templated":true}]}}