{"id":5123,"date":"2020-11-07T16:13:07","date_gmt":"2020-11-07T16:13:07","guid":{"rendered":"https:\/\/tvc16.com\/portal\/?p=5123"},"modified":"2020-11-07T16:13:07","modified_gmt":"2020-11-07T16:13:07","slug":"oferta-de-credito-aos-estados-devera-ser-votada-no-congresso-nacional-apos-o-primeiro-turno","status":"publish","type":"post","link":"https:\/\/tvc16.com\/portal\/2020\/11\/07\/oferta-de-credito-aos-estados-devera-ser-votada-no-congresso-nacional-apos-o-primeiro-turno\/","title":{"rendered":"Oferta de cr\u00e9dito aos estados dever\u00e1 ser votada no Congresso Nacional ap\u00f3s o primeiro turno"},"content":{"rendered":"\n<p>A proposta permite que estados e munic\u00edpios sem Capacidade de Pagamento (Capag nota A e B) tenham acesso a empr\u00e9stimos com garantias da Uni\u00e3o desde que fa\u00e7am um ajuste fiscal para recuperar suas finan\u00e7as<\/p>\n\n\n\n<p>O<a href=\"https:\/\/www.camara.leg.br\/noticias\/655117-deputado-apresenta-projeto-que-retoma-parecer-original-ao-plano-mansueto\"> Projeto de Lei Complementar (PLP) 101\/20<\/a>, que permite a oferta de cr\u00e9dito aos estados com lastro da Uni\u00e3o, condicionado a ajuste fiscal, deve ser <a href=\"https:\/\/www.camara.leg.br\/noticias\/704467-camara-deve-votar-ajuda-a-estados-apos-primeiro-turno-das-eleicoes-municipais\/\">colocado em vota\u00e7\u00e3o<\/a> na C\u00e2mara dos Deputados logo ap\u00f3s o primeiro turno das elei\u00e7\u00f5es municipais, de acordo com o autor do projeto, deputado Pedro Paulo (DEM-RJ).<\/p>\n\n\n\n<p>A proposta permite que estados e munic\u00edpios sem Capacidade de Pagamento (Capag nota A e B) tenham acesso a empr\u00e9stimos com garantias da Uni\u00e3o desde que fa\u00e7am um ajuste fiscal para recuperar suas finan\u00e7as. As novas regras devem beneficiar especialmente Goi\u00e1s, Minas Gerais, Rio de Janeiro e Rio Grande do Sul \u2013 estados com a pior situa\u00e7\u00e3o fiscal, que poder\u00e3o aderir a regime de recupera\u00e7\u00e3o por dez anos.<\/p>\n\n\n\n<p>Outra medida importante no projeto \u00e9 a corre\u00e7\u00e3o para refor\u00e7o e melhoria na Lei de Responsabilidade Fiscal. A proposta deve unificar a contabilidade das despesas dos estados, com um per\u00edodo de adapta\u00e7\u00e3o.<br>&nbsp;<\/p>\n\n\n\n<p>Fonte: <a href=\"https:\/\/brasil61.com\/noticias\/oferta-de-credito-aos-estados-devera-ser-votada-no-congresso-nacional-apos-o-primeiro-turno-bras202491?email=bethdeoliveira@yahoo.com.br&amp;utm_source=newsletter&amp;utm_medium=newsletter&amp;utm_campaign=newsletter\" target=\"_blank\" rel=\"noreferrer noopener\">Brasil 61<\/a><\/p>\n","protected":false},"excerpt":{"rendered":"<p>A proposta permite que estados e munic\u00edpios sem Capacidade de Pagamento (Capag nota A e<\/p>\n","protected":false},"author":2,"featured_media":5124,"comment_status":"open","ping_status":"open","sticky":false,"template":"","format":"standard","meta":{"footnotes":""},"categories":[18],"tags":[],"class_list":["post-5123","post","type-post","status-publish","format-standard","has-post-thumbnail","hentry","category-economia"],"_links":{"self":[{"href":"https:\/\/tvc16.com\/portal\/wp-json\/wp\/v2\/posts\/5123","targetHints":{"allow":["GET"]}}],"collection":[{"href":"https:\/\/tvc16.com\/portal\/wp-json\/wp\/v2\/posts"}],"about":[{"href":"https:\/\/tvc16.com\/portal\/wp-json\/wp\/v2\/types\/post"}],"author":[{"embeddable":true,"href":"https:\/\/tvc16.com\/portal\/wp-json\/wp\/v2\/users\/2"}],"replies":[{"embeddable":true,"href":"https:\/\/tvc16.com\/portal\/wp-json\/wp\/v2\/comments?post=5123"}],"version-history":[{"count":1,"href":"https:\/\/tvc16.com\/portal\/wp-json\/wp\/v2\/posts\/5123\/revisions"}],"predecessor-version":[{"id":5125,"href":"https:\/\/tvc16.com\/portal\/wp-json\/wp\/v2\/posts\/5123\/revisions\/5125"}],"wp:featuredmedia":[{"embeddable":true,"href":"https:\/\/tvc16.com\/portal\/wp-json\/wp\/v2\/media\/5124"}],"wp:attachment":[{"href":"https:\/\/tvc16.com\/portal\/wp-json\/wp\/v2\/media?parent=5123"}],"wp:term":[{"taxonomy":"category","embeddable":true,"href":"https:\/\/tvc16.com\/portal\/wp-json\/wp\/v2\/categories?post=5123"},{"taxonomy":"post_tag","embeddable":true,"href":"https:\/\/tvc16.com\/portal\/wp-json\/wp\/v2\/tags?post=5123"}],"curies":[{"name":"wp","href":"https:\/\/api.w.org\/{rel}","templated":true}]}}