{"id":5126,"date":"2020-11-07T16:15:03","date_gmt":"2020-11-07T16:15:03","guid":{"rendered":"https:\/\/tvc16.com\/portal\/?p=5126"},"modified":"2020-11-07T16:15:03","modified_gmt":"2020-11-07T16:15:03","slug":"numero-de-mesarios-voluntarios-para-as-eleicoes-de-2020-triplicam","status":"publish","type":"post","link":"https:\/\/tvc16.com\/portal\/2020\/11\/07\/numero-de-mesarios-voluntarios-para-as-eleicoes-de-2020-triplicam\/","title":{"rendered":"N\u00famero de mes\u00e1rios volunt\u00e1rios para as Elei\u00e7\u00f5es de 2020 triplicam"},"content":{"rendered":"\n<p>Ao todo, para as Elei\u00e7\u00f5es 2020, o TSE computou mais de um milh\u00e3o de mes\u00e1rios volunt\u00e1rios, tendo 670.958 pessoas se cadastrado apenas este ano<\/p>\n\n\n\n<p>Mesmo em meio a pandemia o n\u00famero de inscritos para mes\u00e1rios nas elei\u00e7\u00f5es de 2020 teve um aumento de 220,24% em todo pa\u00eds se comparado com os que se cadastraram em 2016 para atuar no pleito daquele ano. O levantamento foi feito pelo <a href=\"https:\/\/www.tse.jus.br\/imprensa\/noticias-tse\/2020\/Novembro\/faltam-11-dias-total-de-eleitores-que-se-inscreveram-em-2020-para-mesario-voluntario-triplica-em-relacao-a-2016\">Tribunal Superior Eleitoral (TSE) junto aos Tribunais Regionais Eleitorais (TREs)<\/a>. &nbsp;<\/p>\n\n\n\n<p>Ao todo, para as Elei\u00e7\u00f5es 2020, o TSE computou mais de um milh\u00e3o de &nbsp;mes\u00e1rios volunt\u00e1rios, tendo 670.958 pessoas se cadastrado apenas este ano. O restante faz parte de um banco de dados de volunt\u00e1rios inscritos em outros anos. Somando a quantidade de volunt\u00e1rios inscritos no ano da elei\u00e7\u00e3o e os que faziam parte do banco de dados, o total de mes\u00e1rios volunt\u00e1rios este ano \u00e9 29,55% maior do que os que trabalharam voluntariamente em 2016.&nbsp;<\/p>\n\n\n\n<p>Na avalia\u00e7\u00e3o do TSE, o chamamento feito pelo m\u00e9dico Drauzio Varella, em conjunto com outras medidas sanit\u00e1rias divulgadas, contribu\u00edram para a eleva\u00e7\u00e3o dos n\u00fameros.<\/p>\n\n\n\n<p>Em 25 das 27 unidades da Federa\u00e7\u00e3o, houve incremento de volunt\u00e1rios inscritos no ano da elei\u00e7\u00e3o. O Tribunal Regional de Alagoas n\u00e3o enviou as informa\u00e7\u00f5es, e o Distrito Federal foi exclu\u00eddo porque n\u00e3o realiza elei\u00e7\u00f5es municipais.<\/p>\n\n\n\n<p>Nas Elei\u00e7\u00f5es de 2020, conforme os dados indicados pelos TREs, atuar\u00e3o pelo menos 1,4 milh\u00e3o de mes\u00e1rios. No pleito de 2016, atuaram 1,8 milh\u00e3o de mes\u00e1rios.<\/p>\n\n\n\n<p>O n\u00famero menor na atual elei\u00e7\u00e3o tem uma explica\u00e7\u00e3o: neste ano, foram convocadas quatro pessoas por se\u00e7\u00e3o; antes, eram seis. Tamb\u00e9m houve remanejamento, e estas elei\u00e7\u00f5es contar\u00e3o com um n\u00famero menor de se\u00e7\u00f5es.<br>&nbsp;<\/p>\n\n\n\n<p>Fonte: <a href=\"https:\/\/brasil61.com\/noticias\/numero-de-mesarios-voluntarios-para-as-eleicoes-de-2020-triplicam-bras202490?email=bethdeoliveira@yahoo.com.br&amp;utm_source=newsletter&amp;utm_medium=newsletter&amp;utm_campaign=newsletter\" target=\"_blank\" rel=\"noreferrer noopener\">Brasil 61<\/a><\/p>\n","protected":false},"excerpt":{"rendered":"<p>Ao todo, para as Elei\u00e7\u00f5es 2020, o TSE computou mais de um milh\u00e3o de mes\u00e1rios<\/p>\n","protected":false},"author":2,"featured_media":5127,"comment_status":"open","ping_status":"open","sticky":false,"template":"","format":"standard","meta":{"footnotes":""},"categories":[15],"tags":[],"class_list":["post-5126","post","type-post","status-publish","format-standard","has-post-thumbnail","hentry","category-politica"],"_links":{"self":[{"href":"https:\/\/tvc16.com\/portal\/wp-json\/wp\/v2\/posts\/5126","targetHints":{"allow":["GET"]}}],"collection":[{"href":"https:\/\/tvc16.com\/portal\/wp-json\/wp\/v2\/posts"}],"about":[{"href":"https:\/\/tvc16.com\/portal\/wp-json\/wp\/v2\/types\/post"}],"author":[{"embeddable":true,"href":"https:\/\/tvc16.com\/portal\/wp-json\/wp\/v2\/users\/2"}],"replies":[{"embeddable":true,"href":"https:\/\/tvc16.com\/portal\/wp-json\/wp\/v2\/comments?post=5126"}],"version-history":[{"count":1,"href":"https:\/\/tvc16.com\/portal\/wp-json\/wp\/v2\/posts\/5126\/revisions"}],"predecessor-version":[{"id":5128,"href":"https:\/\/tvc16.com\/portal\/wp-json\/wp\/v2\/posts\/5126\/revisions\/5128"}],"wp:featuredmedia":[{"embeddable":true,"href":"https:\/\/tvc16.com\/portal\/wp-json\/wp\/v2\/media\/5127"}],"wp:attachment":[{"href":"https:\/\/tvc16.com\/portal\/wp-json\/wp\/v2\/media?parent=5126"}],"wp:term":[{"taxonomy":"category","embeddable":true,"href":"https:\/\/tvc16.com\/portal\/wp-json\/wp\/v2\/categories?post=5126"},{"taxonomy":"post_tag","embeddable":true,"href":"https:\/\/tvc16.com\/portal\/wp-json\/wp\/v2\/tags?post=5126"}],"curies":[{"name":"wp","href":"https:\/\/api.w.org\/{rel}","templated":true}]}}