{"id":5129,"date":"2020-11-07T16:17:51","date_gmt":"2020-11-07T16:17:51","guid":{"rendered":"https:\/\/tvc16.com\/portal\/?p=5129"},"modified":"2020-11-07T16:18:55","modified_gmt":"2020-11-07T16:18:55","slug":"finais-das-seletivas-estaduais-da-taca-das-favelas-free-fire-terminam-neste-sabado-dia-7","status":"publish","type":"post","link":"https:\/\/tvc16.com\/portal\/2020\/11\/07\/finais-das-seletivas-estaduais-da-taca-das-favelas-free-fire-terminam-neste-sabado-dia-7\/","title":{"rendered":"Finais das seletivas estaduais da Ta\u00e7a das Favelas Free Fire terminam neste s\u00e1bado, dia 7"},"content":{"rendered":"\n<p><em>Depois das Seletivas, disputadas entre segunda e quarta, ser\u00e3o decididos os representantes estaduais que disputam a etapa nacional<\/em><\/p>\n\n\n\n<p>Aconteceram, nesta semana, as seletivas estaduais da Ta\u00e7a das Favelas Free Fire, competi\u00e7\u00e3o organizada pela Central \u00danica das Favelas (CUFA) e pela Garena.<\/p>\n\n\n\n<p>Jogadores nos 26 estados e Distrito Federal deram o \u201cstart\u201d na disputa nesta semana, ap\u00f3s partidas programadas, em cada regi\u00e3o, para selecionar os melhores jogadores.<\/p>\n\n\n\n<p>O torneio \u00e9 exclusivo para jovens moradores de favelas e as finais das seletivas estaduais acontecem, a partir desta quinta, dia 5, e vai at\u00e9 o dia 7 de novembro. As 27 favelas campe\u00e3s estaduais se classificam para a fase nacional, junto com as outras 9 n\u00e3o campe\u00e3s com melhor desempenho. Esta fase nacional vai do dia 13 ao 15 de novembro e tem sua final no dia 5 de dezembro.<\/p>\n\n\n\n<p>\u201cEssa semana \u00e9 muito importante, para a nossa iniciativa. Favelas de cada estado est\u00e3o disputando a grande oportunidade de participar da competi\u00e7\u00e3o nacional. Meninos e meninas que sonham em, finalmente, serem reconhecidos pelo talento que t\u00eam! As 12 melhores favelas de cada estado se classificaram para as finais das seletivas, que acontecem a partir desta quinta. Destas finais sair\u00e3o as favelas participantes da etapa nacional, que come\u00e7a no pr\u00f3ximo dia 13\u201d, explicou Marcus Vin\u00edcius Athayde, diretor de inova\u00e7\u00f5es da CUFA e diretor geral do projeto.<\/p>\n\n\n\n<p>&#8220;Demos o start, nesta semana. E, novamente, em uma nova \u00e1rea pra a gente, mostramos que favela \u00e9 pot\u00eancia&#8221;, comemorou Celso Athayde, fundador da CUFA. &#8220;Os jovens est\u00e3o muito motivados para jogarem estas finais. E n\u00f3s tamb\u00e9m, para organizar esse grande torneio nacional&#8221;, encerrou.<\/p>\n\n\n\n<p>Mais informa\u00e7\u00f5es sobre resultados e atualiza\u00e7\u00f5es do campeonato, acompanhe nas redes oficiais da Ta\u00e7a das Favelas Free Fire, CUFA e Free Fire esports. As 12 favelas finalistas de cada estado podem ser conferidas nas redes das CUFAs estaduais.<\/p>\n\n\n\n<p><strong>Sobre a Garena<\/strong><\/p>\n\n\n\n<p>A Garena \u00e9 a principal desenvolvedora e distribuidora de jogos no sudeste da \u00c1sia, Taiwan e Am\u00e9rica Latina, e se expandiu para outros mercados de r\u00e1pido crescimento em todo o mundo. Um de seus jogos de maior sucesso, em que foi produtora e desenvolvedora, \u00e9 Free Fire, game mobile mais baixado no Brasil em 2019, al\u00e9m de ser ganhador de mais de 13 pr\u00eamios, incluindo o de Melhor Jogo do Ano.<\/p>\n\n\n\n<p>Para mais informa\u00e7\u00f5es sobre a Garena, visite&nbsp;<a rel=\"noreferrer noopener\" target=\"_blank\" href=\"https:\/\/www.garena.sg\/\">https:\/\/www.garena.sg<\/a>.<\/p>\n\n\n\n<p><strong>Sobre a CUFA<\/strong><\/p>\n\n\n\n<p>A CUFA (Central \u00danica das Favelas) \u00e9 uma organiza\u00e7\u00e3o brasileira reconhecida nacional e internacionalmente nos \u00e2mbitos pol\u00edtico, social, esportivo e cultural que existe h\u00e1 20 anos. Foi criada a partir da uni\u00e3o entre jovens de v\u00e1rias favelas, principalmente negros, que buscavam espa\u00e7os para expressarem suas atitudes, questionamentos ou, simplesmente, sua vontade de viver.&nbsp;&nbsp;<\/p>\n\n\n\n<p>Presente nos 26 estados e no Distrito Federal, al\u00e9m de outros pa\u00edses, as atividades recentes mais impactantes da institui\u00e7\u00e3o s\u00e3o a Ta\u00e7a das Favelas, maior campeonato de futebol entre favelas do mundo, que agora entra no mundo do e-sports, e, durante a pandemia, o CUFA Contra o V\u00edrus e o M\u00e3es da Favela, que ajudaram milh\u00f5es de fam\u00edlias das favelas brasileiras a superarem o per\u00edodo de isolamento social.<\/p>\n\n\n\n<p>A CUFA ainda promove atividades nas \u00e1reas da educa\u00e7\u00e3o, lazer, esportes, cultura e cidadania, que servem como ferramentas de integra\u00e7\u00e3o e inclus\u00e3o social.<\/p>\n\n\n\n<p>Maiores informa\u00e7\u00f5es em cufa.org.br<\/p>\n\n\n\n<p><strong>Sobre a Ta\u00e7a das Favelas<\/strong><\/p>\n\n\n\n<p>A Ta\u00e7a das Favelas \u00e9 maior campeonato de futebol entre favelas do mundo. Criada e realizada pela CUFA e produzida pela InFavela, a Ta\u00e7a foi disputada pela primeira vez no Rio de Janeiro, h\u00e1 8 anos, e depois se expandiu por v\u00e1rios estados ao longo desse per\u00edodo. Tendo o seu \u00e1pice no dia 1\u00ba de junho com as finais da Ta\u00e7a das Favelas S\u00e3o Paulo, onde aproximadamente 40 mil pessoas assistiram aos jogos no Pacaembu, que tiveram transmiss\u00e3o ao vivo em TV aberta.<\/p>\n\n\n\n<p>Al\u00e9m do futebol, a organiza\u00e7\u00e3o da Ta\u00e7a das Favelas se preocupa com a forma\u00e7\u00e3o educacional e social dos t\u00e9cnicos e jogadores e oferece a eles workshops que v\u00e3o desde educa\u00e7\u00e3o financeira a cuidados com alimenta\u00e7\u00e3o.<\/p>\n\n\n\n<p>Em 2020, a Ta\u00e7a expande seus horizontes e entra no mercado dos e-sports em parceria com a Garena, lan\u00e7ando a Ta\u00e7a das Favelas Free Fire. No futebol, a Ta\u00e7a das Favelas tamb\u00e9m inova, e, em 2021, ter\u00e1 a primeira edi\u00e7\u00e3o do seu grande campeonato nacional.<\/p>\n\n\n\n<figure class=\"wp-block-image size-large\"><img loading=\"lazy\" decoding=\"async\" width=\"943\" height=\"610\" src=\"https:\/\/tvc16.com\/portal\/wp-content\/uploads\/2020\/11\/27a94bad-1cb1-48cb-a99d-a14d78fd9ce3.jpg\" alt=\"\" class=\"wp-image-5132\" srcset=\"https:\/\/tvc16.com\/portal\/wp-content\/uploads\/2020\/11\/27a94bad-1cb1-48cb-a99d-a14d78fd9ce3.jpg 943w, https:\/\/tvc16.com\/portal\/wp-content\/uploads\/2020\/11\/27a94bad-1cb1-48cb-a99d-a14d78fd9ce3-300x194.jpg 300w, https:\/\/tvc16.com\/portal\/wp-content\/uploads\/2020\/11\/27a94bad-1cb1-48cb-a99d-a14d78fd9ce3-768x497.jpg 768w, https:\/\/tvc16.com\/portal\/wp-content\/uploads\/2020\/11\/27a94bad-1cb1-48cb-a99d-a14d78fd9ce3-761x492.jpg 761w\" sizes=\"auto, (max-width: 943px) 100vw, 943px\" \/><\/figure>\n\n\n\n<p><\/p>\n","protected":false},"excerpt":{"rendered":"<p>Depois das Seletivas, disputadas entre segunda e quarta, ser\u00e3o decididos os representantes estaduais que disputam<\/p>\n","protected":false},"author":2,"featured_media":5130,"comment_status":"open","ping_status":"open","sticky":false,"template":"","format":"standard","meta":{"footnotes":""},"categories":[17],"tags":[],"class_list":["post-5129","post","type-post","status-publish","format-standard","has-post-thumbnail","hentry","category-outras-noticias"],"_links":{"self":[{"href":"https:\/\/tvc16.com\/portal\/wp-json\/wp\/v2\/posts\/5129","targetHints":{"allow":["GET"]}}],"collection":[{"href":"https:\/\/tvc16.com\/portal\/wp-json\/wp\/v2\/posts"}],"about":[{"href":"https:\/\/tvc16.com\/portal\/wp-json\/wp\/v2\/types\/post"}],"author":[{"embeddable":true,"href":"https:\/\/tvc16.com\/portal\/wp-json\/wp\/v2\/users\/2"}],"replies":[{"embeddable":true,"href":"https:\/\/tvc16.com\/portal\/wp-json\/wp\/v2\/comments?post=5129"}],"version-history":[{"count":2,"href":"https:\/\/tvc16.com\/portal\/wp-json\/wp\/v2\/posts\/5129\/revisions"}],"predecessor-version":[{"id":5135,"href":"https:\/\/tvc16.com\/portal\/wp-json\/wp\/v2\/posts\/5129\/revisions\/5135"}],"wp:featuredmedia":[{"embeddable":true,"href":"https:\/\/tvc16.com\/portal\/wp-json\/wp\/v2\/media\/5130"}],"wp:attachment":[{"href":"https:\/\/tvc16.com\/portal\/wp-json\/wp\/v2\/media?parent=5129"}],"wp:term":[{"taxonomy":"category","embeddable":true,"href":"https:\/\/tvc16.com\/portal\/wp-json\/wp\/v2\/categories?post=5129"},{"taxonomy":"post_tag","embeddable":true,"href":"https:\/\/tvc16.com\/portal\/wp-json\/wp\/v2\/tags?post=5129"}],"curies":[{"name":"wp","href":"https:\/\/api.w.org\/{rel}","templated":true}]}}