{"id":5136,"date":"2020-11-07T16:24:28","date_gmt":"2020-11-07T16:24:28","guid":{"rendered":"https:\/\/tvc16.com\/portal\/?p=5136"},"modified":"2020-11-07T16:24:28","modified_gmt":"2020-11-07T16:24:28","slug":"escritora-isa-colli-lanca-livro-infantil-tamaras-e-quibes","status":"publish","type":"post","link":"https:\/\/tvc16.com\/portal\/2020\/11\/07\/escritora-isa-colli-lanca-livro-infantil-tamaras-e-quibes\/","title":{"rendered":"Escritora Isa Colli lan\u00e7a livro infantil \u201cT\u00e2maras e Quibes&#8221;"},"content":{"rendered":"\n<p><strong>\u00a0<\/strong><em>Autora combina imigra\u00e7\u00e3o e respeito \u00e0s diferen\u00e7as com uma saborosa viagem por ambientes cheios de magia.<\/em><\/p>\n\n\n\n<p>No dia 18 de novembro (quarta-feira), \u00e0s 16h, a editora Colli Books anuncia mais uma novidade aos leitores infantis. Ser\u00e1 lan\u00e7ado para o Brasil, em formato digital, e impresso para o restante do mundo, \u201cT\u00e2maras e Quibes\u201d, um livro que traz como tema central a imigra\u00e7\u00e3o, o respeito \u00e0s diferen\u00e7as e li\u00e7\u00f5es b\u00e1sicas dos valores dos estudos, trabalho e do empreendedorismo.<\/p>\n\n\n\n<p>Escrito pela jornalista Isa Colli, o livro foi inspirado no bairro do Br\u00e1s, em S\u00e3o Paulo, e narra a hist\u00f3ria da imigra\u00e7\u00e3o, principalmente do Oriente M\u00e9dio, e ainda convida os pequenos a passearem pela culin\u00e1ria dos pa\u00edses \u00e1rabes. Uma forma l\u00fadica, para que os papais possam introduzir assuntos sobre as mais variadas culturas gastron\u00f4micas mundiais.<\/p>\n\n\n\n<p>O lan\u00e7amento acontece em um bate papo descontra\u00eddo com a autora, pelo site e m\u00eddias digitais da editora. Atrav\u00e9s do site:&nbsp;<a rel=\"noreferrer noopener\" target=\"_blank\" href=\"http:\/\/collibooks.com\/lives\">collibooks.com\/lives<\/a>.<\/p>\n\n\n\n<p>Isa, sempre busca oferecer aos seus leitores conte\u00fados que n\u00e3o s\u00f3 entretenham, mas que tamb\u00e9m eduquem. Para a escritora, lan\u00e7ar livros \u00e9 enriquecedor. Ela ama poder contribuir com as fam\u00edlias, atrav\u00e9s de suas hist\u00f3rias.<\/p>\n\n\n\n<p>\u201cTodas as minhas obras s\u00e3o escritas com amor ao meu p\u00fablico. Que nossos leitores mirins possam viajar nas hist\u00f3rias do portugu\u00eas Jos\u00e9 Braz e do menino Zezinho\u201d, conta.<\/p>\n\n\n\n<figure class=\"wp-block-image size-large\"><img loading=\"lazy\" decoding=\"async\" width=\"791\" height=\"1024\" src=\"https:\/\/tvc16.com\/portal\/wp-content\/uploads\/2020\/11\/Isa-Colli_escritora-e-jornalista-791x1024.jpeg\" alt=\"\" class=\"wp-image-5137\" srcset=\"https:\/\/tvc16.com\/portal\/wp-content\/uploads\/2020\/11\/Isa-Colli_escritora-e-jornalista-791x1024.jpeg 791w, https:\/\/tvc16.com\/portal\/wp-content\/uploads\/2020\/11\/Isa-Colli_escritora-e-jornalista-232x300.jpeg 232w, https:\/\/tvc16.com\/portal\/wp-content\/uploads\/2020\/11\/Isa-Colli_escritora-e-jornalista-768x994.jpeg 768w, https:\/\/tvc16.com\/portal\/wp-content\/uploads\/2020\/11\/Isa-Colli_escritora-e-jornalista.jpeg 847w\" sizes=\"auto, (max-width: 791px) 100vw, 791px\" \/><\/figure>\n\n\n\n<p>Al\u00e9m dos livros f\u00edsicos, a loja virtual tamb\u00e9m oferece livros digitais (e-books). Este lan\u00e7amento e as demais obras da escritora, podem ser encontrados no site:&nbsp;<a rel=\"noreferrer noopener\" target=\"_blank\" href=\"https:\/\/www.collibooks.com\/\">https:\/\/www.collibooks.com\/<\/a>&nbsp;e em v\u00e1rias plataformas digitais.<\/p>\n\n\n\n<p><strong>Conhe\u00e7a a sinopse de \u201cT\u00e2maras e Quibes\u201d<\/strong><\/p>\n\n\n\n<p>Imagine um portugu\u00eas Jos\u00e9 Braz, de cora\u00e7\u00e3o enorme, que recebia em sua ch\u00e1cara imigrantes vindos de v\u00e1rias partes do mundo. Em pouco tempo, a ch\u00e1cara virou um povoado com pessoas incr\u00edveis como o senhor Mohamed, dono de um com\u00e9rcio de comidas \u00e1rabes, com restaurante e loja de temperos que agradavam em cheio os fregueses, como o menino Zezinho. A amizade entre Mohamed e Zezinho iria mudar o destino do garoto. A hist\u00f3ria convida a um saboroso passeio pela culin\u00e1ria dos pa\u00edses \u00e1rabes, falando sobre o respeito \u00e0s outras culturas e o valor da amizade.<\/p>\n\n\n\n<p><strong>Servi\u00e7o:<\/strong><\/p>\n\n\n\n<p><strong>Lan\u00e7amento de \u201cT\u00e2maras e Quibes\u201d<\/strong><\/p>\n\n\n\n<p><strong>Quando:&nbsp;<\/strong>18 de novembro \u2013 Quarta-feira<\/p>\n\n\n\n<p><strong>Hor\u00e1rio:<\/strong>&nbsp;\u00e0s 16h<\/p>\n\n\n\n<p><strong>Onde:&nbsp;<\/strong>Bate-papo virtual com a autora pelo canal:&nbsp;<a rel=\"noreferrer noopener\" target=\"_blank\" href=\"http:\/\/collibooks.com\/lives\">collibooks.com\/lives<\/a>&nbsp;<\/p>\n\n\n\n<p><strong>Conhe\u00e7a mais sobre a autora<\/strong>&nbsp;<a rel=\"noreferrer noopener\" target=\"_blank\" href=\"http:\/\/www.isacolli.com\/\">www.isacolli.com<\/a><\/p>\n\n\n\n<figure class=\"wp-block-image\"><img decoding=\"async\" src=\"https:\/\/dl-mail.ymail.com\/ws\/download\/mailboxes\/@.id==VjN-lWB1gJ_CIKt5YFfQ1oOgKuGO383Sxpbn1bR-2wSQzoFghYLloEXwNdKxrUtYUSPkhHEN9JYvQk17DZ3Hgx7CQQ\/messages\/@.id==AD1ty_lnXJUbX6RPjw2_iOgbApI\/content\/parts\/@.id==1.4\/raw?appid=YMailNorrin&amp;ymreqid=f110ed0b-44bc-fb7e-1cb5-940036010200&amp;token=zitEzqOML3j84e6ealFTT5U7-km5qEQF52lp7AcCuBasyW4E-xeS4wVepIBX_13q9ISldFmrQUuBPlaMQVHoTKQdqQJpRJ5DIVz3GXSXAWsaVo2iytam4EeY4Pp4xKii\" alt=\"WhatsApp Image 2020-10-14 at 16.59.47\"\/><\/figure>\n\n\n\n<p><em>Autora combina imigra\u00e7\u00e3o e respeito \u00e0s diferen\u00e7as com uma saborosa viagem por ambientes cheios de magia.<\/em><\/p>\n\n\n\n<p>No dia 18 de novembro (quarta-feira), \u00e0s 16h, a editora Colli Books anuncia mais uma novidade aos leitores infantis. Ser\u00e1 lan\u00e7ado para o Brasil, em formato digital, e impresso para o restante do mundo, \u201cT\u00e2maras e Quibes\u201d, um livro que traz como tema central a imigra\u00e7\u00e3o, o respeito \u00e0s diferen\u00e7as e li\u00e7\u00f5es b\u00e1sicas dos valores dos estudos, trabalho e do empreendedorismo.<\/p>\n\n\n\n<p>Escrito pela jornalista Isa Colli, o livro foi inspirado no bairro do Br\u00e1s, em S\u00e3o Paulo, e narra a hist\u00f3ria da imigra\u00e7\u00e3o, principalmente do Oriente M\u00e9dio, e ainda convida os pequenos a passearem pela culin\u00e1ria dos pa\u00edses \u00e1rabes. Uma forma l\u00fadica, para que os papais possam introduzir assuntos sobre as mais variadas culturas gastron\u00f4micas mundiais.<\/p>\n\n\n\n<p>O lan\u00e7amento acontece em um bate papo descontra\u00eddo com a autora, pelo site e m\u00eddias digitais da editora. Atrav\u00e9s do site:&nbsp;<a rel=\"noreferrer noopener\" target=\"_blank\" href=\"http:\/\/collibooks.com\/lives\">collibooks.com\/lives<\/a>.<\/p>\n\n\n\n<p>Isa, sempre busca oferecer aos seus leitores conte\u00fados que n\u00e3o s\u00f3 entretenham, mas que tamb\u00e9m eduquem. Para a escritora, lan\u00e7ar livros \u00e9 enriquecedor. Ela ama poder contribuir com as fam\u00edlias, atrav\u00e9s de suas hist\u00f3rias.<\/p>\n\n\n\n<p>\u201cTodas as minhas obras s\u00e3o escritas com amor ao meu p\u00fablico. Que nossos leitores mirins possam viajar nas hist\u00f3rias do portugu\u00eas Jos\u00e9 Braz e do menino Zezinho\u201d, conta.<\/p>\n\n\n\n<p>Al\u00e9m dos livros f\u00edsicos, a loja virtual tamb\u00e9m oferece livros digitais (e-books). Este lan\u00e7amento e as demais obras da escritora, podem ser encontrados no site:&nbsp;<a rel=\"noreferrer noopener\" target=\"_blank\" href=\"https:\/\/www.collibooks.com\/\">https:\/\/www.collibooks.com\/<\/a>&nbsp;e em v\u00e1rias plataformas digitais.<\/p>\n\n\n\n<p><strong>Conhe\u00e7a a sinopse de \u201cT\u00e2maras e Quibes\u201d<\/strong><\/p>\n\n\n\n<p>Imagine um portugu\u00eas Jos\u00e9 Braz, de cora\u00e7\u00e3o enorme, que recebia em sua ch\u00e1cara imigrantes vindos de v\u00e1rias partes do mundo. Em pouco tempo, a ch\u00e1cara virou um povoado com pessoas incr\u00edveis como o senhor Mohamed, dono de um com\u00e9rcio de comidas \u00e1rabes, com restaurante e loja de temperos que agradavam em cheio os fregueses, como o menino Zezinho. A amizade entre Mohamed e Zezinho iria mudar o destino do garoto. A hist\u00f3ria convida a um saboroso passeio pela culin\u00e1ria dos pa\u00edses \u00e1rabes, falando sobre o respeito \u00e0s outras culturas e o valor da amizade.<\/p>\n\n\n\n<p><strong>Servi\u00e7o:<\/strong><\/p>\n\n\n\n<p><strong>Lan\u00e7amento de \u201cT\u00e2maras e Quibes\u201d<\/strong><\/p>\n\n\n\n<p><strong>Quando:&nbsp;<\/strong>18 de novembro \u2013 Quarta-feira<\/p>\n\n\n\n<p><strong>Hor\u00e1rio:<\/strong>&nbsp;\u00e0s 16h<\/p>\n\n\n\n<p><strong>Onde:&nbsp;<\/strong>Bate-papo virtual com a autora pelo canal:&nbsp;<a rel=\"noreferrer noopener\" target=\"_blank\" href=\"http:\/\/collibooks.com\/lives\">collibooks.com\/lives<\/a>&nbsp;<\/p>\n\n\n\n<p><strong>Conhe\u00e7a mais sobre a autora<\/strong>&nbsp;<a rel=\"noreferrer noopener\" target=\"_blank\" href=\"http:\/\/www.isacolli.com\/\">www.isacolli.com<\/a><\/p>\n","protected":false},"excerpt":{"rendered":"<p>\u00a0Autora combina imigra\u00e7\u00e3o e respeito \u00e0s diferen\u00e7as com uma saborosa viagem por ambientes cheios de<\/p>\n","protected":false},"author":2,"featured_media":5138,"comment_status":"open","ping_status":"open","sticky":false,"template":"","format":"standard","meta":{"footnotes":""},"categories":[21],"tags":[],"class_list":["post-5136","post","type-post","status-publish","format-standard","has-post-thumbnail","hentry","category-cultura"],"_links":{"self":[{"href":"https:\/\/tvc16.com\/portal\/wp-json\/wp\/v2\/posts\/5136","targetHints":{"allow":["GET"]}}],"collection":[{"href":"https:\/\/tvc16.com\/portal\/wp-json\/wp\/v2\/posts"}],"about":[{"href":"https:\/\/tvc16.com\/portal\/wp-json\/wp\/v2\/types\/post"}],"author":[{"embeddable":true,"href":"https:\/\/tvc16.com\/portal\/wp-json\/wp\/v2\/users\/2"}],"replies":[{"embeddable":true,"href":"https:\/\/tvc16.com\/portal\/wp-json\/wp\/v2\/comments?post=5136"}],"version-history":[{"count":1,"href":"https:\/\/tvc16.com\/portal\/wp-json\/wp\/v2\/posts\/5136\/revisions"}],"predecessor-version":[{"id":5139,"href":"https:\/\/tvc16.com\/portal\/wp-json\/wp\/v2\/posts\/5136\/revisions\/5139"}],"wp:featuredmedia":[{"embeddable":true,"href":"https:\/\/tvc16.com\/portal\/wp-json\/wp\/v2\/media\/5138"}],"wp:attachment":[{"href":"https:\/\/tvc16.com\/portal\/wp-json\/wp\/v2\/media?parent=5136"}],"wp:term":[{"taxonomy":"category","embeddable":true,"href":"https:\/\/tvc16.com\/portal\/wp-json\/wp\/v2\/categories?post=5136"},{"taxonomy":"post_tag","embeddable":true,"href":"https:\/\/tvc16.com\/portal\/wp-json\/wp\/v2\/tags?post=5136"}],"curies":[{"name":"wp","href":"https:\/\/api.w.org\/{rel}","templated":true}]}}