{"id":51414,"date":"2023-01-13T17:35:27","date_gmt":"2023-01-13T20:35:27","guid":{"rendered":"https:\/\/tvc16.com\/portal\/?p=51414"},"modified":"2023-01-13T17:35:28","modified_gmt":"2023-01-13T20:35:28","slug":"primeiro-festival-lgbtqiap-chega-na-cidade-em-fevereiro","status":"publish","type":"post","link":"https:\/\/tvc16.com\/portal\/2023\/01\/13\/primeiro-festival-lgbtqiap-chega-na-cidade-em-fevereiro\/","title":{"rendered":"Primeiro Festival LGBTQIAP+ chega na cidade em fevereiro"},"content":{"rendered":"\n<p>Petr\u00f3polis receber\u00e1, o primeiro Festival LGBTQIA+ no centro cultura Raul de Leone, localizado na Pra\u00e7a da \u00c1guia. O evento, que ser\u00e1 nos dias tr\u00eas, quatro e cinco de fevereiro, \u00e9 o primeiro a ser incentivado pelo fundo municipal de cultura de Petr\u00f3polis atrav\u00e9s do edital cultural Nelson Ricardo, apoiado pela Bem Cultural e realizado e produzido por Dafne souza, equipe de organiza\u00e7\u00e3o The Nasu e assist\u00eancia Bia sutter.<\/p>\n\n\n\n<p>Ser\u00e3o tr\u00eas dias de a\u00e7\u00f5es culturais como dan\u00e7a, m\u00fasica, literatura, teatro, mostra de cinema, e viv\u00eancias psicoculturais, finalizando com a primeiro ballroom da cidade. A equipe do festival, assim como os artistas s\u00e3o da comunidade LGBTQIAP+, al\u00e9m de simpatizantes da causa. &#8221; Como o nome j\u00e1 diz, a inten\u00e7\u00e3o do festival \u00e9 Festejar, reunir a comunidade em uma linda festa aberta ao p\u00fablico, com express\u00f5es artistas, trocas de experi\u00eancias e viv\u00eancias. Entendemos que o festival vem da vontade de unir diversas manifesta\u00e7\u00f5es art\u00edsticas que permeiam cada letra da sigla que cada artista merece&#8221; nos conta Dafne Souza, a idealizadora do festival.<\/p>\n\n\n\n<p>Dafne , em entrevista ao Correio, nos conta que o festival \u00e9 um marco hist\u00f3rico na cidade sendo o primeiro com essa tem\u00e1tica e majoritariamente como agentes culturais da comunidade, a ser aprovado em 10 anos de exist\u00eancia do fundo municipal de cultura: &#8220;\u00c9 certo afirmar que petropolis tem um perfil conservador, dado as suas ra\u00edzes colonialistas e imperialista, logo promover um festival de exalta\u00e7\u00e3o \u00e0 comunidade \u00e9 um marco de resistencias e afirma\u00e7\u00e3o de nossos direitos&#8221;.<\/p>\n\n\n\n<p>A modelo e atriz Nasu Stumpf que faz parte da organiza\u00e7\u00e3o do evento destaca que \u00e9 de extrema importacia e ela acredita que o festival aproxima as pessoas que n\u00e3o s\u00e3o da comunidade, das necessidades, das viv\u00eancias e da luta LGBTQIAP+, proporcionado muito mais conhecimento e sensibilidade sobre corpos e as vidas: &#8220;Petr\u00f3polis \u00e9 uma cidade extremamente dotada de artista e profissionais diversos extremamente talentosos e capacitados que por muita das vezes ficam numa cena muito reservada ou at\u00e9 mesmo no anonimato, algumas inclusive acabam na marginalidade&#8221;.<\/p>\n\n\n\n<p>O que \u00e9 v\u00e1lido destacar, \u00e9 que ambas est\u00e3o com fortes expectativas quanto ao evento e esperam que o festival seja visto como uma grande vitr\u00edne para os artistas da cidade, al\u00e9m disso, que seja um espa\u00e7o de debate, discuss\u00f5es, acolhimento e escuta, mas tamb\u00e9m de festejo: &#8220;O festival que ser um palco para que artistas e manifesta\u00e7\u00f5es culturais que s\u00e3o espec\u00edficas do meio lgbtqia+ possam ser celebrados&#8221; Dafne afirma. Para mais atualiza\u00e7\u00f5es sobre o festival, acesse a p\u00e1gina no Instagram https:\/\/www.instagram.com\/festivallgbtqiadepetropolis\/.<\/p>\n\n\n\n<p>Por Darques Junior\/Por <small>Marcello Camargo\/Arquivo\/Ag\u00eancia Brasil<\/small><br><\/p>\n","protected":false},"excerpt":{"rendered":"<p>Petr\u00f3polis receber\u00e1, o primeiro Festival LGBTQIA+ no centro cultura Raul de Leone, localizado na Pra\u00e7a<\/p>\n","protected":false},"author":2,"featured_media":51415,"comment_status":"open","ping_status":"open","sticky":false,"template":"","format":"standard","meta":{"footnotes":""},"categories":[12],"tags":[],"class_list":["post-51414","post","type-post","status-publish","format-standard","has-post-thumbnail","hentry","category-cidade"],"_links":{"self":[{"href":"https:\/\/tvc16.com\/portal\/wp-json\/wp\/v2\/posts\/51414","targetHints":{"allow":["GET"]}}],"collection":[{"href":"https:\/\/tvc16.com\/portal\/wp-json\/wp\/v2\/posts"}],"about":[{"href":"https:\/\/tvc16.com\/portal\/wp-json\/wp\/v2\/types\/post"}],"author":[{"embeddable":true,"href":"https:\/\/tvc16.com\/portal\/wp-json\/wp\/v2\/users\/2"}],"replies":[{"embeddable":true,"href":"https:\/\/tvc16.com\/portal\/wp-json\/wp\/v2\/comments?post=51414"}],"version-history":[{"count":1,"href":"https:\/\/tvc16.com\/portal\/wp-json\/wp\/v2\/posts\/51414\/revisions"}],"predecessor-version":[{"id":51416,"href":"https:\/\/tvc16.com\/portal\/wp-json\/wp\/v2\/posts\/51414\/revisions\/51416"}],"wp:featuredmedia":[{"embeddable":true,"href":"https:\/\/tvc16.com\/portal\/wp-json\/wp\/v2\/media\/51415"}],"wp:attachment":[{"href":"https:\/\/tvc16.com\/portal\/wp-json\/wp\/v2\/media?parent=51414"}],"wp:term":[{"taxonomy":"category","embeddable":true,"href":"https:\/\/tvc16.com\/portal\/wp-json\/wp\/v2\/categories?post=51414"},{"taxonomy":"post_tag","embeddable":true,"href":"https:\/\/tvc16.com\/portal\/wp-json\/wp\/v2\/tags?post=51414"}],"curies":[{"name":"wp","href":"https:\/\/api.w.org\/{rel}","templated":true}]}}