{"id":51423,"date":"2023-01-13T17:42:44","date_gmt":"2023-01-13T20:42:44","guid":{"rendered":"https:\/\/tvc16.com\/portal\/?p=51423"},"modified":"2023-01-13T17:42:44","modified_gmt":"2023-01-13T20:42:44","slug":"fiocruz-alerta-para-possivel-aumento-de-nova-linhagem-do-coronavirus","status":"publish","type":"post","link":"https:\/\/tvc16.com\/portal\/2023\/01\/13\/fiocruz-alerta-para-possivel-aumento-de-nova-linhagem-do-coronavirus\/","title":{"rendered":"Fiocruz alerta para poss\u00edvel aumento de nova linhagem do coronav\u00edrus"},"content":{"rendered":"\n<h3 class=\"wp-block-heading\">A mudan\u00e7a pode significar o crescimento da linhagem XBB<\/h3>\n\n\n\n<h4 class=\"wp-block-heading\">Por Vin\u00edcius Lisboa &#8211; rep\u00f3rter da Ag\u00eancia Brasil &#8211; Rio de Janeiro<audio src=\"https:\/\/tts-app.ebc.com.br\/media\/tts\/196871.mp3\"><\/h4>\n\n\n\n<p>Pesquisadores da Funda\u00e7\u00e3o Oswaldo Cruz (Fiocruz) alertaram nesta sexta-feira\u00a0(13) para uma poss\u00edvel mudan\u00e7a no\u00a0dom\u00ednio das subvariantes \u00d4micron do SARS-CoV-2 em circula\u00e7\u00e3o no pa\u00eds. Segundo a Rede Gen\u00f4mica Fiocruz, a mudan\u00e7a pode significar o crescimento da linhagem XBB, que tem causado uma onda de infec\u00e7\u00f5es nos Estados Unidos.\u00a0<img decoding=\"async\" src=\"https:\/\/agenciabrasil.ebc.com.br\/ebc.png?id=1504223&amp;o=node\"><img decoding=\"async\" src=\"https:\/\/agenciabrasil.ebc.com.br\/ebc.gif?id=1504223&amp;o=node\"><\/p>\n\n\n\n<p>A linhagem BA.5 da variante \u00d4micron tem sido a dominante no Brasil desde meados de 2022, depois de&nbsp;ter&nbsp;superado outras subvariantes da \u00d4micron. A Fiocruz explica que uma muta\u00e7\u00e3o espec\u00edfica em um gene das subvariantes dessa linhagem pode ser identificada por meios de t\u00e9cnicas do teste RT-PCR, sem a necessidade de um sequenciamento completo.<\/p>\n\n\n\n<p>O alerta dos pesquisadores se d\u00e1 porque, na \u00faltima semana, essa caracter\u00edstica gen\u00e9tica tem se tornado menos comum nas an\u00e1lises realizadas, o que indica que mais v\u00edrus presentes nas amostras colhidas em dezembro podem n\u00e3o pertencer \u00e0 linhagem BA.5.<\/p>\n\n\n\n<p>&#8220;Considerando o cen\u00e1rio global da diversidade de variantes do Sars-CoV-2, os pesquisadores conclu\u00edram que o aumento de variantes sem essa muta\u00e7\u00e3o pode corresponder \u00e0 linhagem XBB&#8221;, diz a Fiocruz.<\/p>\n\n\n\n<p>A presen\u00e7a dessas amostras que podem trazer a linhagem XBB aumentou de menos de 5% no in\u00edcio&nbsp;de dezembro&nbsp;para 15% na \u00faltima semana. &#8220;Os estados nos quais foram detectadas a poss\u00edvel circula\u00e7\u00e3o de linhagens XBB s\u00e3o Rio&nbsp;de Janeiro, S\u00e3o Paulo, Minas Gerais, Esp\u00edrito Santo, Bahia, Mato Grosso e Santa Catarina&#8221;, acrescenta a funda\u00e7\u00e3o.<\/p>\n\n\n\n<p>A confirma\u00e7\u00e3o da circula\u00e7\u00e3o da XBB no pa\u00eds vai depender do sequenciamento gen\u00e9tico, que se d\u00e1 em um ritmo mais lento que a t\u00e9cnica utilizada. Segundo a Fiocruz, somente duas amostras com a subvariante XBB.1.5 foram sequenciadas no pa\u00eds at\u00e9 o momento, em S\u00e3o Paulo.&nbsp;<\/p>\n\n\n\n<p>A subvariante XBB.1.5 foi apelidada nos Estados Unidos de &#8220;Kraken&#8221;, um monstro da mitologia grega, por causa do somat\u00f3rio de muta\u00e7\u00f5es que ela acumula. A Organiza\u00e7\u00e3o Mundial da Sa\u00fade afirmou que a variante \u00e9 a mais transmiss\u00edvel j\u00e1 detectada desde o in\u00edcio da pandemia e pediu que os pa\u00edses devem avaliar a volta da recomenda\u00e7\u00e3o do uso de m\u00e1scaras para<a href=\"https:\/\/agenciabrasil.ebc.com.br\/internacional\/noticia\/2023-01\/oms-pede-que-viajantes-usem-mascaras-contra-nova-variante-da-covid-19\" target=\"_blank\" rel=\"noreferrer noopener\">&nbsp;passageiros de voos de longa dist\u00e2nci<\/a>a.<\/p>\n\n\n\n<p>A subvariante foi respons\u00e1vel por mais que um quarto dos casos de covid-19 nos Estados Unidos na primeira semana&nbsp;de janeiro&nbsp;e tamb\u00e9m j\u00e1 foi detectada em pa\u00edses da Europa.<\/p>\n\n\n\n<p>Edi\u00e7\u00e3o: Bruna Saniele<\/p>\n","protected":false},"excerpt":{"rendered":"<p>A mudan\u00e7a pode significar o crescimento da linhagem XBB Por Vin\u00edcius Lisboa &#8211; rep\u00f3rter da<\/p>\n","protected":false},"author":2,"featured_media":51424,"comment_status":"open","ping_status":"open","sticky":false,"template":"","format":"standard","meta":{"footnotes":""},"categories":[17],"tags":[],"class_list":["post-51423","post","type-post","status-publish","format-standard","has-post-thumbnail","hentry","category-outras-noticias"],"_links":{"self":[{"href":"https:\/\/tvc16.com\/portal\/wp-json\/wp\/v2\/posts\/51423","targetHints":{"allow":["GET"]}}],"collection":[{"href":"https:\/\/tvc16.com\/portal\/wp-json\/wp\/v2\/posts"}],"about":[{"href":"https:\/\/tvc16.com\/portal\/wp-json\/wp\/v2\/types\/post"}],"author":[{"embeddable":true,"href":"https:\/\/tvc16.com\/portal\/wp-json\/wp\/v2\/users\/2"}],"replies":[{"embeddable":true,"href":"https:\/\/tvc16.com\/portal\/wp-json\/wp\/v2\/comments?post=51423"}],"version-history":[{"count":1,"href":"https:\/\/tvc16.com\/portal\/wp-json\/wp\/v2\/posts\/51423\/revisions"}],"predecessor-version":[{"id":51425,"href":"https:\/\/tvc16.com\/portal\/wp-json\/wp\/v2\/posts\/51423\/revisions\/51425"}],"wp:featuredmedia":[{"embeddable":true,"href":"https:\/\/tvc16.com\/portal\/wp-json\/wp\/v2\/media\/51424"}],"wp:attachment":[{"href":"https:\/\/tvc16.com\/portal\/wp-json\/wp\/v2\/media?parent=51423"}],"wp:term":[{"taxonomy":"category","embeddable":true,"href":"https:\/\/tvc16.com\/portal\/wp-json\/wp\/v2\/categories?post=51423"},{"taxonomy":"post_tag","embeddable":true,"href":"https:\/\/tvc16.com\/portal\/wp-json\/wp\/v2\/tags?post=51423"}],"curies":[{"name":"wp","href":"https:\/\/api.w.org\/{rel}","templated":true}]}}