{"id":51426,"date":"2023-01-13T17:44:41","date_gmt":"2023-01-13T20:44:41","guid":{"rendered":"https:\/\/tvc16.com\/portal\/?p=51426"},"modified":"2023-01-13T17:44:42","modified_gmt":"2023-01-13T20:44:42","slug":"teresopolis-participa-do-lancamento-da-segunda-edicao-do-projeto-verao-tonorio-em-copacabana","status":"publish","type":"post","link":"https:\/\/tvc16.com\/portal\/2023\/01\/13\/teresopolis-participa-do-lancamento-da-segunda-edicao-do-projeto-verao-tonorio-em-copacabana\/","title":{"rendered":"<strong>Teres\u00f3polis participa do lan\u00e7amento da segunda edi\u00e7\u00e3o do projeto &#8216;Ver\u00e3o #t\u00f4noRio&#8217; em Copacabana<\/strong>"},"content":{"rendered":"\n<p>A Prefeitura de Teres\u00f3polis, atrav\u00e9s da Secretaria Municipal de Turismo, participou, nesta quinta-feira (12), do lan\u00e7amento da segunda edi\u00e7\u00e3o do projeto &#8216;Ver\u00e3o #T\u00f4noRio&#8217;. Promovido pela Secretaria de Estado de Turismo do Rio de Janeiro (Setur-RJ) e a TurisRio, a edi\u00e7\u00e3o 2023 aconteceu no Posto 4, em Copacabana.<\/p>\n\n\n\n<p>Iniciativa do Governo do Rio, a a\u00e7\u00e3o visa fomentar a atividade tur\u00edstica na capital e nos munic\u00edpios litor\u00e2neos do estado, durante o ver\u00e3o, esta\u00e7\u00e3o mais quente do ano.<\/p>\n\n\n\n<p>Na a\u00e7\u00e3o, um stand instagram\u00e1vel, apresentou atrativos tur\u00edsticos do estado, promovendo atividades informativas e interativas, al\u00e9m de shows gratuitos, proporcionando uma imersiva experi\u00eancia das regi\u00f5es tur\u00edsticas do estado para moradores e visitantes.<\/p>\n\n\n\n<p>Representada pela Secretaria Municipal de Turismo, a secret\u00e1ria da pasta, Elizabeth Mazzi, e parte de sua equipe apresentaram Teres\u00f3polis para os visitantes e turistas, destacando que o munic\u00edpio possui grande potencial tur\u00edstico e oferece produtos variados do turismo de agroneg\u00f3cios, turismo de aventura e turismo ecol\u00f3gico, dentre outros atrativos. Tamb\u00e9m mostraram o calend\u00e1rio de eventos 2023, como as marcas de Teres\u00f3polis como Capital do Montanhismo e do L\u00fapulo e a Rota Cervejeira. \u201cEstaremos em Ter\u00ea para receber voc\u00eas, com uma experi\u00eancia imersiva de tirar o f\u00f4lego!\u201d, convidou a secret\u00e1ria Elizabeth Mazzi.<\/p>\n\n\n\n<p>O evento contou com a participa\u00e7\u00e3o de diversos representantes de munic\u00edpios da regi\u00e3o serrana; do Presidente da TurisRio, S\u00e9rgio Ricardo de Almeida; o Secret\u00e1rio de Estado de Turismo do RJ, Gustavo Tutuca; o Subsecret\u00e1rio de Eventos do Estado do RJ, Marcelo Monfort.<\/p>\n\n\n\n<p>Fotos: Divulga\u00e7\u00e3o.<\/p>\n","protected":false},"excerpt":{"rendered":"<p>A Prefeitura de Teres\u00f3polis, atrav\u00e9s da Secretaria Municipal de Turismo, participou, nesta quinta-feira (12), do<\/p>\n","protected":false},"author":2,"featured_media":51427,"comment_status":"open","ping_status":"open","sticky":false,"template":"","format":"standard","meta":{"footnotes":""},"categories":[17],"tags":[],"class_list":["post-51426","post","type-post","status-publish","format-standard","has-post-thumbnail","hentry","category-outras-noticias"],"_links":{"self":[{"href":"https:\/\/tvc16.com\/portal\/wp-json\/wp\/v2\/posts\/51426","targetHints":{"allow":["GET"]}}],"collection":[{"href":"https:\/\/tvc16.com\/portal\/wp-json\/wp\/v2\/posts"}],"about":[{"href":"https:\/\/tvc16.com\/portal\/wp-json\/wp\/v2\/types\/post"}],"author":[{"embeddable":true,"href":"https:\/\/tvc16.com\/portal\/wp-json\/wp\/v2\/users\/2"}],"replies":[{"embeddable":true,"href":"https:\/\/tvc16.com\/portal\/wp-json\/wp\/v2\/comments?post=51426"}],"version-history":[{"count":1,"href":"https:\/\/tvc16.com\/portal\/wp-json\/wp\/v2\/posts\/51426\/revisions"}],"predecessor-version":[{"id":51428,"href":"https:\/\/tvc16.com\/portal\/wp-json\/wp\/v2\/posts\/51426\/revisions\/51428"}],"wp:featuredmedia":[{"embeddable":true,"href":"https:\/\/tvc16.com\/portal\/wp-json\/wp\/v2\/media\/51427"}],"wp:attachment":[{"href":"https:\/\/tvc16.com\/portal\/wp-json\/wp\/v2\/media?parent=51426"}],"wp:term":[{"taxonomy":"category","embeddable":true,"href":"https:\/\/tvc16.com\/portal\/wp-json\/wp\/v2\/categories?post=51426"},{"taxonomy":"post_tag","embeddable":true,"href":"https:\/\/tvc16.com\/portal\/wp-json\/wp\/v2\/tags?post=51426"}],"curies":[{"name":"wp","href":"https:\/\/api.w.org\/{rel}","templated":true}]}}