{"id":51429,"date":"2023-01-13T17:47:06","date_gmt":"2023-01-13T20:47:06","guid":{"rendered":"https:\/\/tvc16.com\/portal\/?p=51429"},"modified":"2023-01-13T18:07:58","modified_gmt":"2023-01-13T21:07:58","slug":"teresopolis-rj-secretaria-de-turismo-polo-gastronomico-e-secretaria-de-desenvolvimento-social-em-reuniao-com-delegado-da-camara-italiana-de-comercio-e-industria-regiao-serrana-rj","status":"publish","type":"post","link":"https:\/\/tvc16.com\/portal\/2023\/01\/13\/teresopolis-rj-secretaria-de-turismo-polo-gastronomico-e-secretaria-de-desenvolvimento-social-em-reuniao-com-delegado-da-camara-italiana-de-comercio-e-industria-regiao-serrana-rj\/","title":{"rendered":"Secretaria de Turismo, Polo Gastron\u00f4mico e Secretaria de Desenvolvimento Social, em reuni\u00e3o com Delegado da C\u00e2mara Italiana de Com\u00e9rcio e Industria \u2013 Regi\u00e3o Serrana RJ"},"content":{"rendered":"\n<p>Iniciando o ano 2023 com muitas expectativas, o Delegado da C\u00e2mara Italiana \u2013 Regi\u00e3o Serrana RJ, Alexandre Felizola, foi recebido em Teres\u00f3polis onde, em reuni\u00e3o com a Secret\u00e1ria de Turismo, Elizabeth Mazzi, iniciou-se pr\u00e9vias conversa\u00e7\u00f5es no sentido de estabelecer entre Teres\u00f3polis e a C\u00e2mara Italiana\/Delega\u00e7\u00e3o Serrana-RJ, um \u201cacordo de coopera\u00e7\u00e3o m\u00fatua\u201d para incentivar e promover a\u00e7\u00f5es da tem\u00e1tica Italiana. <\/p>\n\n\n\n<p>Entre os assuntos que ser\u00e3o conversados com a Prefeitura, atrav\u00e9s das Secretarias de cada segmento e Entidades da Sociedade Civil, como a Comunit\u00e0 Italiana de Teres\u00f3polis e o Polo Gastron\u00f4mico que esteve presente na reuni\u00e3o atrav\u00e9s de sua Presidente &#8211; V\u00e2nia Baddini, colocou-se em pauta a proposta de ado\u00e7\u00e3o de Datas Comemorativas Italianas, a exemplo de como ocorreu em Petr\u00f3polis e Rio de Janeiro.<\/p>\n\n\n\n<p>Discutiu-se a realiza\u00e7\u00e3o e apoio da C\u00e2mara \u00e0 eventos gastron\u00f4micos e culturais, especialmente em fomento \u00e0 Imperatriz napolitana Teresa Cristina, tamb\u00e9m incentivo e intermedia\u00e7\u00e3o \u00e0 atividades de Educa\u00e7\u00e3o e Esporte, trazendo institui\u00e7\u00f5es Italianas, parceiras e\/ou ligadas a ASSOCAMERESTERO &#8211; <strong>Associa\u00e7\u00e3o das C\u00e2maras de Com\u00e9rcio Italianas no Exterior<\/strong>, objetivando, assim, colaborar com o Turismo e Com\u00e9rcio do Munic\u00edpio de Teres\u00f3polis.<\/p>\n\n\n\n<p>Foto da esquerda para direita:<\/p>\n\n\n\n<p><em>Waldeck Amaral &#8211; Secret\u00e1rio de Desenvolvimento Social \/ Julie Anna Siqueira &#8211; Sub secret\u00e1ria de Eventos \/ Elizabeth Mazzi Secretaria de Turismo \/ Alexandre Felizola \u2013 Delegado C\u00e2mara Italiana na Regi\u00e3o Serrana RJ \/ V\u00e2nia Baddini &#8211; Pres. do Polo Gastron\u00f4mico de Teres\u00f3polis \/ Henrique Silva &#8211; Sub Secret\u00e1rio de Turismo<\/em><\/p>\n","protected":false},"excerpt":{"rendered":"<p>Iniciando o ano 2023 com muitas expectativas, o Delegado da C\u00e2mara Italiana \u2013 Regi\u00e3o Serrana<\/p>\n","protected":false},"author":2,"featured_media":51430,"comment_status":"open","ping_status":"open","sticky":false,"template":"","format":"standard","meta":{"footnotes":""},"categories":[17],"tags":[],"class_list":["post-51429","post","type-post","status-publish","format-standard","has-post-thumbnail","hentry","category-outras-noticias"],"_links":{"self":[{"href":"https:\/\/tvc16.com\/portal\/wp-json\/wp\/v2\/posts\/51429","targetHints":{"allow":["GET"]}}],"collection":[{"href":"https:\/\/tvc16.com\/portal\/wp-json\/wp\/v2\/posts"}],"about":[{"href":"https:\/\/tvc16.com\/portal\/wp-json\/wp\/v2\/types\/post"}],"author":[{"embeddable":true,"href":"https:\/\/tvc16.com\/portal\/wp-json\/wp\/v2\/users\/2"}],"replies":[{"embeddable":true,"href":"https:\/\/tvc16.com\/portal\/wp-json\/wp\/v2\/comments?post=51429"}],"version-history":[{"count":3,"href":"https:\/\/tvc16.com\/portal\/wp-json\/wp\/v2\/posts\/51429\/revisions"}],"predecessor-version":[{"id":51436,"href":"https:\/\/tvc16.com\/portal\/wp-json\/wp\/v2\/posts\/51429\/revisions\/51436"}],"wp:featuredmedia":[{"embeddable":true,"href":"https:\/\/tvc16.com\/portal\/wp-json\/wp\/v2\/media\/51430"}],"wp:attachment":[{"href":"https:\/\/tvc16.com\/portal\/wp-json\/wp\/v2\/media?parent=51429"}],"wp:term":[{"taxonomy":"category","embeddable":true,"href":"https:\/\/tvc16.com\/portal\/wp-json\/wp\/v2\/categories?post=51429"},{"taxonomy":"post_tag","embeddable":true,"href":"https:\/\/tvc16.com\/portal\/wp-json\/wp\/v2\/tags?post=51429"}],"curies":[{"name":"wp","href":"https:\/\/api.w.org\/{rel}","templated":true}]}}