{"id":51432,"date":"2023-01-13T17:51:23","date_gmt":"2023-01-13T20:51:23","guid":{"rendered":"https:\/\/tvc16.com\/portal\/?p=51432"},"modified":"2023-01-13T17:51:24","modified_gmt":"2023-01-13T20:51:24","slug":"representantes-de-nova-friburgo-participam-de-reuniao-com-delegado-da-camara-italiana-de-comercio-e-industria","status":"publish","type":"post","link":"https:\/\/tvc16.com\/portal\/2023\/01\/13\/representantes-de-nova-friburgo-participam-de-reuniao-com-delegado-da-camara-italiana-de-comercio-e-industria\/","title":{"rendered":"Representantes de Nova Friburgo participam de reuni\u00e3o com delegado da C\u00e2mara Italiana de Com\u00e9rcio e Ind\u00fastria"},"content":{"rendered":"\n<p>Na \u00faltima ter\u00e7a-feira, dia 10 de janeiro, foi realizada uma reuni\u00e3o entre representantes da Prefeitura de Nova Friburgo e da C\u00e2mara \u00cdtalo-brasileira de Com\u00e9rcio e Ind\u00fastria, dando in\u00edcio \u00e0s conversa\u00e7\u00f5es para incentivar e promover, em Nova Friburgo, a\u00e7\u00f5es da tem\u00e1tica italiana apoiadas pela C\u00e2mara. Participaram do encontro o secret\u00e1rio de Ci\u00eancia, Tecnologia, Inova\u00e7\u00e3o e Educa\u00e7\u00e3o Profissionalizante e Superior, Andr\u00e9 Montechiari, o subsecret\u00e1rio de Ci\u00eancia, Tecnologia e Inova\u00e7\u00e3o, Felipe Schenquel, o subsecret\u00e1rio de Desenvolvimento Econ\u00f4mico, Augusto Theodoro, o subsecret\u00e1rio de Esportes e Lazer, Ai\u00e3 Reis, e o delegado da C\u00e2mara Italiana Regi\u00e3o Serrana\/RJ, Alexandre Felizola.&nbsp;<\/p>\n\n\n\n<p>Em pauta, discutiu-se a realiza\u00e7\u00e3o e apoio a eventos gastron\u00f4micos, culturais, esportivos e empresariais, trazendo institui\u00e7\u00f5es italianas parceiras e associadas \u00e0 C\u00e2mara e \u00e0 Associa\u00e7\u00e3o das C\u00e2maras de Com\u00e9rcio Italianas no Exterior (ASSOCAMERESTERO), a fim de colaborar com o Turismo e Com\u00e9rcio do munic\u00edpio de Nova Friburgo. Al\u00e9m disso, na reuni\u00e3o, colocou-se a proposta de ado\u00e7\u00e3o de datas comemorativas italianas, como o Dia da Imigra\u00e7\u00e3o Italiana e a Festa da Rep\u00fablica, j\u00e1 celebradas em outros munic\u00edpios brasileiros.<\/p>\n\n\n\n<p>Os participantes explanaram as vantagens para o munic\u00edpio de eventuais a\u00e7\u00f5es esportivas com a aproxima\u00e7\u00e3o de outras institui\u00e7\u00f5es, apresentadas pela C\u00e2mara, para o engrandecimento dos projetos. Segundo Andr\u00e9 Montechiari, os eventos, al\u00e9m de uma excelente oportunidade para refor\u00e7ar os la\u00e7os com a C\u00e2mara Italiana, tamb\u00e9m s\u00e3o uma possibilidade do aprimoramento dos modelos de neg\u00f3cios das novas empresas.<\/p>\n","protected":false},"excerpt":{"rendered":"<p>Na \u00faltima ter\u00e7a-feira, dia 10 de janeiro, foi realizada uma reuni\u00e3o entre representantes da Prefeitura<\/p>\n","protected":false},"author":2,"featured_media":51433,"comment_status":"open","ping_status":"open","sticky":false,"template":"","format":"standard","meta":{"footnotes":""},"categories":[17],"tags":[],"class_list":["post-51432","post","type-post","status-publish","format-standard","has-post-thumbnail","hentry","category-outras-noticias"],"_links":{"self":[{"href":"https:\/\/tvc16.com\/portal\/wp-json\/wp\/v2\/posts\/51432","targetHints":{"allow":["GET"]}}],"collection":[{"href":"https:\/\/tvc16.com\/portal\/wp-json\/wp\/v2\/posts"}],"about":[{"href":"https:\/\/tvc16.com\/portal\/wp-json\/wp\/v2\/types\/post"}],"author":[{"embeddable":true,"href":"https:\/\/tvc16.com\/portal\/wp-json\/wp\/v2\/users\/2"}],"replies":[{"embeddable":true,"href":"https:\/\/tvc16.com\/portal\/wp-json\/wp\/v2\/comments?post=51432"}],"version-history":[{"count":1,"href":"https:\/\/tvc16.com\/portal\/wp-json\/wp\/v2\/posts\/51432\/revisions"}],"predecessor-version":[{"id":51434,"href":"https:\/\/tvc16.com\/portal\/wp-json\/wp\/v2\/posts\/51432\/revisions\/51434"}],"wp:featuredmedia":[{"embeddable":true,"href":"https:\/\/tvc16.com\/portal\/wp-json\/wp\/v2\/media\/51433"}],"wp:attachment":[{"href":"https:\/\/tvc16.com\/portal\/wp-json\/wp\/v2\/media?parent=51432"}],"wp:term":[{"taxonomy":"category","embeddable":true,"href":"https:\/\/tvc16.com\/portal\/wp-json\/wp\/v2\/categories?post=51432"},{"taxonomy":"post_tag","embeddable":true,"href":"https:\/\/tvc16.com\/portal\/wp-json\/wp\/v2\/tags?post=51432"}],"curies":[{"name":"wp","href":"https:\/\/api.w.org\/{rel}","templated":true}]}}