{"id":51437,"date":"2023-01-14T09:30:00","date_gmt":"2023-01-14T12:30:00","guid":{"rendered":"https:\/\/tvc16.com\/portal\/?p=51437"},"modified":"2023-01-13T22:55:31","modified_gmt":"2023-01-14T01:55:31","slug":"doencas-de-pele-sao-mais-comuns-no-verao-alerta-especialista","status":"publish","type":"post","link":"https:\/\/tvc16.com\/portal\/2023\/01\/14\/doencas-de-pele-sao-mais-comuns-no-verao-alerta-especialista\/","title":{"rendered":"Doen\u00e7as de pele s\u00e3o mais comuns no ver\u00e3o, alerta especialista"},"content":{"rendered":"\n<p><em><strong>Texto &#8211; Larissa Martins &#8211; Imagem: Wendel Fernandes<\/strong><\/em><\/p>\n\n\n\n<p>Com a chegada do ver\u00e3o aumenta o n\u00famero de pessoas que v\u00e3o \u00e0s praias, piscinas e cachoeiras. O calor e as altas temperaturas ao longo do dia fazem com que as pessoas procurem se refrescar nas \u00e1guas, mas tamb\u00e9m exigem cuidados para se proteger dos raios ultravioletas que podem trazer danos \u00e0 sa\u00fade.<\/p>\n\n\n\n<p>Segundo a dermatologista, Ang\u00e9lica de Jesus, a exposi\u00e7\u00e3o excessiva ao sol, sem o uso de filtro solar s\u00e3o fatores de risco para desenvolver doen\u00e7as de pele. \u201cO aumento da umidade faz com que as pessoas fiquem suadas, se elas n\u00e3o se secarem da forma certa, acaba gerando micoses. O pano branco \u00e9 muito comum ap\u00f3s se expor ao sol. Esse fungo fica na pele e quando ela fica oleosa, ele se manifesta por meio de feridas. Os cuidados a serem tomados para a micose \u00e9 secar bem as partes do corpo que se dobram, j\u00e1 para o pano branco s\u00e3o utilizados solu\u00e7\u00f5es, shampoo e at\u00e9 medicamento oral, em alguns casos\u201d, explica especialista.<\/p>\n\n\n\n<p>Ainda segundo a especialista, o tratamento para micose dura cerca de um m\u00eas, j\u00e1 as assaduras levam menos tempo, cerca de 15 dias. Para evitar essas consequ\u00eancias, e manter a pele saud\u00e1vel durante o ver\u00e3o, \u00e9 preciso se atentar a cuidados simples que contribuem para a prote\u00e7\u00e3o. Para quem tem pele oleosa, ou seca, a aten\u00e7\u00e3o deve ser redobrada. \u201cNo ver\u00e3o, as pessoas desidratam. Por isso, \u00e9 importante beber mais l\u00edquidos, passar creme na pele, protetor solar. Isso \u00e9 o cuidado m\u00ednimo a ser feito\u201d, disse.<\/p>\n\n\n\n<p>H\u00e1 alguns anos, a famosa marquinha tem feito sucesso entre a mulherada, com isso surgiram tamb\u00e9m procedimentos e produtos que deixam a pele mais bronzeada. As c\u00e2maras de bronzeamento artificial est\u00e3o proibidas de serem utilizadas para fins est\u00e9ticos no pa\u00eds desde 2009. A Ag\u00eancia Nacional de Vigil\u00e2ncia Sanit\u00e1ria (Anvisa) publicou, em 2022, a resolu\u00e7\u00e3o RDC 56\/09 que pro\u00edbe, al\u00e9m do uso, a importa\u00e7\u00e3o, o recebimento em doa\u00e7\u00e3o, aluguel e a comercializa\u00e7\u00e3o desses equipamentos. A determina\u00e7\u00e3o veio ap\u00f3s o surgimento de casos de queimadura na pele. A proibi\u00e7\u00e3o n\u00e3o se aplica aos equipamentos com emiss\u00e3o de radia\u00e7\u00e3o ultravioleta destinados a tratamento m\u00e9dico ou odontol\u00f3gico.<\/p>\n\n\n\n<p>A dermatologista d\u00e1 dica para quem quer ficar bronzeado de forma natural. \u201cO ideal \u00e9 usar o protetor solar, assim a marca na pele ficar\u00e1 saud\u00e1vel e a marca ser\u00e1 duradoura. As receitas caseiras e fitas n\u00e3o s\u00e3o indicadas e podem gerar queimaduras\u201d, alerta Ang\u00e9lica.<\/p>\n\n\n\n<p>\u00c9 importante ressaltar que antes de realizar qualquer procedimento, \u00e9 importante procurar um dermatologista para identificar o melhor tratamento.<\/p>\n","protected":false},"excerpt":{"rendered":"<p>Texto &#8211; Larissa Martins &#8211; Imagem: Wendel Fernandes Com a chegada do ver\u00e3o aumenta o<\/p>\n","protected":false},"author":2,"featured_media":51438,"comment_status":"open","ping_status":"open","sticky":true,"template":"","format":"standard","meta":{"footnotes":""},"categories":[12,13],"tags":[],"class_list":["post-51437","post","type-post","status-publish","format-standard","has-post-thumbnail","hentry","category-cidade","category-saude"],"_links":{"self":[{"href":"https:\/\/tvc16.com\/portal\/wp-json\/wp\/v2\/posts\/51437","targetHints":{"allow":["GET"]}}],"collection":[{"href":"https:\/\/tvc16.com\/portal\/wp-json\/wp\/v2\/posts"}],"about":[{"href":"https:\/\/tvc16.com\/portal\/wp-json\/wp\/v2\/types\/post"}],"author":[{"embeddable":true,"href":"https:\/\/tvc16.com\/portal\/wp-json\/wp\/v2\/users\/2"}],"replies":[{"embeddable":true,"href":"https:\/\/tvc16.com\/portal\/wp-json\/wp\/v2\/comments?post=51437"}],"version-history":[{"count":2,"href":"https:\/\/tvc16.com\/portal\/wp-json\/wp\/v2\/posts\/51437\/revisions"}],"predecessor-version":[{"id":51477,"href":"https:\/\/tvc16.com\/portal\/wp-json\/wp\/v2\/posts\/51437\/revisions\/51477"}],"wp:featuredmedia":[{"embeddable":true,"href":"https:\/\/tvc16.com\/portal\/wp-json\/wp\/v2\/media\/51438"}],"wp:attachment":[{"href":"https:\/\/tvc16.com\/portal\/wp-json\/wp\/v2\/media?parent=51437"}],"wp:term":[{"taxonomy":"category","embeddable":true,"href":"https:\/\/tvc16.com\/portal\/wp-json\/wp\/v2\/categories?post=51437"},{"taxonomy":"post_tag","embeddable":true,"href":"https:\/\/tvc16.com\/portal\/wp-json\/wp\/v2\/tags?post=51437"}],"curies":[{"name":"wp","href":"https:\/\/api.w.org\/{rel}","templated":true}]}}