{"id":51444,"date":"2023-01-15T08:00:00","date_gmt":"2023-01-15T11:00:00","guid":{"rendered":"https:\/\/tvc16.com\/portal\/?p=51444"},"modified":"2023-01-13T20:28:16","modified_gmt":"2023-01-13T23:28:16","slug":"mais-de-127-mil-pessoas-atendidas-pelos-equipamentos-de-atencao-basica-em-saude-do-municipio","status":"publish","type":"post","link":"https:\/\/tvc16.com\/portal\/2023\/01\/15\/mais-de-127-mil-pessoas-atendidas-pelos-equipamentos-de-atencao-basica-em-saude-do-municipio\/","title":{"rendered":"Mais de 127 mil pessoas atendidas pelos equipamentos de Aten\u00e7\u00e3o B\u00e1sica em Sa\u00fade do munic\u00edpio"},"content":{"rendered":"\n<p>O Departamento de Aten\u00e7\u00e3o B\u00e1sica da Secretaria de Sa\u00fade est\u00e1 concluindo o balan\u00e7o de atendimentos prestados ao longo de 2022. No per\u00edodo, mais de 127 mil pessoas passaram pelos postos de Estrat\u00e9gia de Sa\u00fade da Fam\u00edlia (PSFs), junto com o N\u00facleo de Apoio \u00e0 Sa\u00fade da Fam\u00edlia (Nasf), Unidades B\u00e1sicas de Sa\u00fade, Consult\u00f3rio de Rua, al\u00e9m das a\u00e7\u00f5es desenvolvidas atrav\u00e9s do Programa Academia da Sa\u00fade.<\/p>\n\n\n\n<p>As principais demandas foram para atendimentos em cl\u00ednica m\u00e9dica, pediatria, ginecologia e obstetr\u00edcia, enfermagem, assist\u00eancia social, psicologia, fisioterapia, nutri\u00e7\u00e3o, fonoaudiologia e odontologia. Al\u00e9m destes servi\u00e7os, nas Academias da Sa\u00fade foram realizados atendimentos individuais, coletivos e atividades de pr\u00e1tica integrativa como yoga, florais, shiatsu e acupuntura.<\/p>\n\n\n\n<p>O secret\u00e1rio de Sa\u00fade, Marcus Curvelo, refor\u00e7a que assim como os dados do Centro de Sa\u00fade divulgados na \u00faltima semana, os n\u00fameros s\u00e3o referentes a quantidade de pacientes atendidos, os quais, na maioria dos casos retorna mais de uma vez as unidades de sa\u00fade. <\/p>\n\n\n\n<p>&#8220;A Aten\u00e7\u00e3o B\u00e1sica em Sa\u00fade \u00e9 a porta de entrada preferencial dos servi\u00e7os, que visam a promo\u00e7\u00e3o da sa\u00fade, preven\u00e7\u00e3o de doen\u00e7as e agravos, bem como a assist\u00eancia e a reabilita\u00e7\u00e3o\u201d, explica a superintendente de Aten\u00e7\u00e3o B\u00e1sica, Cl\u00e1udia Respeita.<\/p>\n","protected":false},"excerpt":{"rendered":"<p>O Departamento de Aten\u00e7\u00e3o B\u00e1sica da Secretaria de Sa\u00fade est\u00e1 concluindo o balan\u00e7o de atendimentos<\/p>\n","protected":false},"author":2,"featured_media":51038,"comment_status":"open","ping_status":"open","sticky":false,"template":"","format":"standard","meta":{"footnotes":""},"categories":[12,264,15,13],"tags":[],"class_list":["post-51444","post","type-post","status-publish","format-standard","has-post-thumbnail","hentry","category-cidade","category-destaque","category-politica","category-saude"],"_links":{"self":[{"href":"https:\/\/tvc16.com\/portal\/wp-json\/wp\/v2\/posts\/51444","targetHints":{"allow":["GET"]}}],"collection":[{"href":"https:\/\/tvc16.com\/portal\/wp-json\/wp\/v2\/posts"}],"about":[{"href":"https:\/\/tvc16.com\/portal\/wp-json\/wp\/v2\/types\/post"}],"author":[{"embeddable":true,"href":"https:\/\/tvc16.com\/portal\/wp-json\/wp\/v2\/users\/2"}],"replies":[{"embeddable":true,"href":"https:\/\/tvc16.com\/portal\/wp-json\/wp\/v2\/comments?post=51444"}],"version-history":[{"count":1,"href":"https:\/\/tvc16.com\/portal\/wp-json\/wp\/v2\/posts\/51444\/revisions"}],"predecessor-version":[{"id":51445,"href":"https:\/\/tvc16.com\/portal\/wp-json\/wp\/v2\/posts\/51444\/revisions\/51445"}],"wp:featuredmedia":[{"embeddable":true,"href":"https:\/\/tvc16.com\/portal\/wp-json\/wp\/v2\/media\/51038"}],"wp:attachment":[{"href":"https:\/\/tvc16.com\/portal\/wp-json\/wp\/v2\/media?parent=51444"}],"wp:term":[{"taxonomy":"category","embeddable":true,"href":"https:\/\/tvc16.com\/portal\/wp-json\/wp\/v2\/categories?post=51444"},{"taxonomy":"post_tag","embeddable":true,"href":"https:\/\/tvc16.com\/portal\/wp-json\/wp\/v2\/tags?post=51444"}],"curies":[{"name":"wp","href":"https:\/\/api.w.org\/{rel}","templated":true}]}}