{"id":51446,"date":"2023-01-14T13:00:00","date_gmt":"2023-01-14T16:00:00","guid":{"rendered":"https:\/\/tvc16.com\/portal\/?p=51446"},"modified":"2023-01-13T20:51:26","modified_gmt":"2023-01-13T23:51:26","slug":"hospital-alcides-carneiro-com-novas-obras","status":"publish","type":"post","link":"https:\/\/tvc16.com\/portal\/2023\/01\/14\/hospital-alcides-carneiro-com-novas-obras\/","title":{"rendered":"Hospital Alcides Carneiro com novas obras"},"content":{"rendered":"\n<p>O Hospital Alcides Carneiro est\u00e1 com novas obras: instala\u00e7\u00e3o do elevador, reforma da recep\u00e7\u00e3o do Posto de Urg\u00eancia (PU) e a constru\u00e7\u00e3o de novos banheiros para as enfermarias cl\u00ednicas, tem previs\u00e3o de entrega prevista para o primeiro trimestre deste ano. A pintura externa de todo o complexo hospitalar est\u00e1 em fase final.<\/p>\n\n\n\n<p>De acordo com informa\u00e7\u00f5es divulgadas pela Secretaria de Sa\u00fade, em 2022 foram realizadas compras de  R$ 4,6 milh\u00f5es em equipamentos mais modernos, mobili\u00e1rio, ve\u00edculos, computadores e insumos para a unidade. Avan\u00e7os considerados significativos e cujos investimentos beneficiam, diretamente, a popula\u00e7\u00e3o.<\/p>\n\n\n\n<p>Durante a visita ao HAC, o prefeito Rubens Bomtempo tamb\u00e9m verificou o andamento de projetos previstos para serem iniciados em breve, al\u00e9m do andamento das reformas das UPAs Centro e Cascatinha, que j\u00e1 est\u00e3o em andamento. <\/p>\n\n\n\n<p>\u201cAl\u00e9m das in\u00fameras interven\u00e7\u00f5es que estamos fazendo na infraestrutura, tamb\u00e9m ampliamos a oferta de consultas, exames e procedimentos para reduzir as enormes filas que encontramos e realizando investimentos importantes em tecnologia, equipamentos e insumos para que o HAC atenda a popula\u00e7\u00e3o da forma mais eficiente\u201d, declarou o diretor-presidente do Servi\u00e7o Social Aut\u00f4nomo Hospital Alcides Carneiro \u2013 Sehac, Ricardo Patul\u00e9a.<\/p>\n","protected":false},"excerpt":{"rendered":"<p>O Hospital Alcides Carneiro est\u00e1 com novas obras: instala\u00e7\u00e3o do elevador, reforma da recep\u00e7\u00e3o do<\/p>\n","protected":false},"author":2,"featured_media":51447,"comment_status":"open","ping_status":"open","sticky":false,"template":"","format":"standard","meta":{"footnotes":""},"categories":[12,264,15,13],"tags":[],"class_list":["post-51446","post","type-post","status-publish","format-standard","has-post-thumbnail","hentry","category-cidade","category-destaque","category-politica","category-saude"],"_links":{"self":[{"href":"https:\/\/tvc16.com\/portal\/wp-json\/wp\/v2\/posts\/51446","targetHints":{"allow":["GET"]}}],"collection":[{"href":"https:\/\/tvc16.com\/portal\/wp-json\/wp\/v2\/posts"}],"about":[{"href":"https:\/\/tvc16.com\/portal\/wp-json\/wp\/v2\/types\/post"}],"author":[{"embeddable":true,"href":"https:\/\/tvc16.com\/portal\/wp-json\/wp\/v2\/users\/2"}],"replies":[{"embeddable":true,"href":"https:\/\/tvc16.com\/portal\/wp-json\/wp\/v2\/comments?post=51446"}],"version-history":[{"count":1,"href":"https:\/\/tvc16.com\/portal\/wp-json\/wp\/v2\/posts\/51446\/revisions"}],"predecessor-version":[{"id":51448,"href":"https:\/\/tvc16.com\/portal\/wp-json\/wp\/v2\/posts\/51446\/revisions\/51448"}],"wp:featuredmedia":[{"embeddable":true,"href":"https:\/\/tvc16.com\/portal\/wp-json\/wp\/v2\/media\/51447"}],"wp:attachment":[{"href":"https:\/\/tvc16.com\/portal\/wp-json\/wp\/v2\/media?parent=51446"}],"wp:term":[{"taxonomy":"category","embeddable":true,"href":"https:\/\/tvc16.com\/portal\/wp-json\/wp\/v2\/categories?post=51446"},{"taxonomy":"post_tag","embeddable":true,"href":"https:\/\/tvc16.com\/portal\/wp-json\/wp\/v2\/tags?post=51446"}],"curies":[{"name":"wp","href":"https:\/\/api.w.org\/{rel}","templated":true}]}}