{"id":51449,"date":"2023-01-14T08:30:00","date_gmt":"2023-01-14T11:30:00","guid":{"rendered":"https:\/\/tvc16.com\/portal\/?p=51449"},"modified":"2023-01-13T21:06:38","modified_gmt":"2023-01-14T00:06:38","slug":"sete-ruas-tem-transporte-coletivo-retomado-apos-intervencoes-da-prefeitura","status":"publish","type":"post","link":"https:\/\/tvc16.com\/portal\/2023\/01\/14\/sete-ruas-tem-transporte-coletivo-retomado-apos-intervencoes-da-prefeitura\/","title":{"rendered":"Sete ruas t\u00eam transporte coletivo retomado ap\u00f3s interven\u00e7\u00f5es da Prefeitura"},"content":{"rendered":"\n<p>Sete ruas tiveram o servi\u00e7o do transporte coletivo retomado esta semana ap\u00f3s interven\u00e7\u00f5es por meio das equipes de manuten\u00e7\u00e3o vi\u00e1ria da Secretaria de Obras. Devido \u00e0s chuvas das \u00faltimas semanas, v\u00e1rias ruas apresentaram problemas que impediam a circula\u00e7\u00e3o dos \u00f4nibus.<\/p>\n\n\n\n<p>Com a diminui\u00e7\u00e3o na intesidade da chuva, as equipes de manuten\u00e7\u00e3o conseguiram dar in\u00edcio aos reparos, tanto de tapa buracos quanto de repara\u00e7\u00e3o de algumas redes. <\/p>\n\n\n\n<p>Os sete locais que passaram por manuten\u00e7\u00e3o vi\u00e1ria e tiveram o transporte coletivo restabelecido foram: ruas Amaral Peixoto, Rio de Janeiro e Friburgo, no Quitandinha; Dom Jo\u00e3o Braga, no Alto da Serra; Seis, no Castelo S\u00e3o Manoel, em Corr\u00eaas; F, no Bataillard; al\u00e9m da Estrada do Carangola, no Amoedo e Caminho do Alcoba\u00e7a, no Alto Alcobacinha.<\/p>\n","protected":false},"excerpt":{"rendered":"<p>Sete ruas tiveram o servi\u00e7o do transporte coletivo retomado esta semana ap\u00f3s interven\u00e7\u00f5es por meio<\/p>\n","protected":false},"author":2,"featured_media":50387,"comment_status":"open","ping_status":"open","sticky":false,"template":"","format":"standard","meta":{"footnotes":""},"categories":[12],"tags":[],"class_list":["post-51449","post","type-post","status-publish","format-standard","has-post-thumbnail","hentry","category-cidade"],"_links":{"self":[{"href":"https:\/\/tvc16.com\/portal\/wp-json\/wp\/v2\/posts\/51449","targetHints":{"allow":["GET"]}}],"collection":[{"href":"https:\/\/tvc16.com\/portal\/wp-json\/wp\/v2\/posts"}],"about":[{"href":"https:\/\/tvc16.com\/portal\/wp-json\/wp\/v2\/types\/post"}],"author":[{"embeddable":true,"href":"https:\/\/tvc16.com\/portal\/wp-json\/wp\/v2\/users\/2"}],"replies":[{"embeddable":true,"href":"https:\/\/tvc16.com\/portal\/wp-json\/wp\/v2\/comments?post=51449"}],"version-history":[{"count":1,"href":"https:\/\/tvc16.com\/portal\/wp-json\/wp\/v2\/posts\/51449\/revisions"}],"predecessor-version":[{"id":51450,"href":"https:\/\/tvc16.com\/portal\/wp-json\/wp\/v2\/posts\/51449\/revisions\/51450"}],"wp:featuredmedia":[{"embeddable":true,"href":"https:\/\/tvc16.com\/portal\/wp-json\/wp\/v2\/media\/50387"}],"wp:attachment":[{"href":"https:\/\/tvc16.com\/portal\/wp-json\/wp\/v2\/media?parent=51449"}],"wp:term":[{"taxonomy":"category","embeddable":true,"href":"https:\/\/tvc16.com\/portal\/wp-json\/wp\/v2\/categories?post=51449"},{"taxonomy":"post_tag","embeddable":true,"href":"https:\/\/tvc16.com\/portal\/wp-json\/wp\/v2\/tags?post=51449"}],"curies":[{"name":"wp","href":"https:\/\/api.w.org\/{rel}","templated":true}]}}