{"id":51451,"date":"2023-01-14T07:00:00","date_gmt":"2023-01-14T10:00:00","guid":{"rendered":"https:\/\/tvc16.com\/portal\/?p=51451"},"modified":"2023-01-13T21:18:16","modified_gmt":"2023-01-14T00:18:16","slug":"inscricoes-para-vestibular-social-da-ucp-terminam-neste-domingo-15","status":"publish","type":"post","link":"https:\/\/tvc16.com\/portal\/2023\/01\/14\/inscricoes-para-vestibular-social-da-ucp-terminam-neste-domingo-15\/","title":{"rendered":"<strong>Inscri\u00e7\u00f5es para Vestibular Social da UCP terminam neste domingo (15)<\/strong>"},"content":{"rendered":"\n<p>A Universidade Cat\u00f3lica de Petr\u00f3polis (UCP), est\u00e1 oferecendo mais uma edi\u00e7\u00e3o do Vestibular Social. Os candidatos inscritos no processo seletivo concorrer\u00e3o a 200 bolsas integrais em um dos mais de 20 cursos de gradua\u00e7\u00e3o oferecidos pela Universidade, a mais tradicional institui\u00e7\u00e3o de Ensino Superior da cidade, que em 2023 completa 70 anos.<\/p>\n\n\n\n<p>Os interessados devem realizar as inscri\u00e7\u00f5es at\u00e9 este domingo (15) no site vestibular.ucp.br e efetuar o pagamento da taxa de inscri\u00e7\u00e3o, no valor de R$ 50, at\u00e9 o dia 16 de janeiro (segunda-feira). Os inscritos no Cadastro \u00danico para Programas Sociais do Governo Federal (Cad\u00danico) ter\u00e3o direito \u00e0 isen\u00e7\u00e3o total da taxa de inscri\u00e7\u00e3o mediante informa\u00e7\u00e3o do NIS no ato da inscri\u00e7\u00e3o.<\/p>\n\n\n\n<p>A prova ocorrer\u00e1 no dia 22 de janeiro, no campus da rua Benjamin Constant, 213, Centro. Os port\u00f5es ser\u00e3o abertos \u00e0s 7h45 e os candidatos dever\u00e3o entrar no local de prova at\u00e9 \u00e0s 8h45 e apresentar o comprovante de pagamento da inscri\u00e7\u00e3o e um documento de identidade com foto, al\u00e9m de caneta esferogr\u00e1fica com tinta azul ou preta.<\/p>\n\n\n\n<p>Para concorrer a uma das bolsas, os candidatos devem possuir o certificado de conclus\u00e3o de ensino m\u00e9dio em escola da rede p\u00fablica (municipal ou estadual) em Petr\u00f3polis, tendo cursado no m\u00ednimo duas s\u00e9ries do ensino m\u00e9dio em escolas da rede p\u00fablica (municipal ou estadual) da cidade. O candidato tamb\u00e9m n\u00e3o pode possuir diploma de ensino superior ou ter sido aprovado em alguma disciplina de gradua\u00e7\u00e3o.<\/p>\n\n\n\n<p>\u201cCom a renova\u00e7\u00e3o deste conv\u00eanio, a UCP d\u00e1 sequ\u00eancia ao seu compromisso, proporcionando uma forma\u00e7\u00e3o de qualidade com educa\u00e7\u00e3o de excel\u00eancia e capaz de transformar jovens e adultos, garantindo bons posicionamentos no mercado de trabalho\u201d, destaca o reitor da Institui\u00e7\u00e3o, Padre Pedro Paulo de Carvalho Rosa.<\/p>\n\n\n\n<p>Esta \u00e9 uma parceria com a Prefeitura de Petr\u00f3polis e todas as informa\u00e7\u00f5es est\u00e3o dispon\u00edveis no edital do Vestibular Social UCP\/PMP 2023 no site da UCP.<\/p>\n","protected":false},"excerpt":{"rendered":"<p>A Universidade Cat\u00f3lica de Petr\u00f3polis (UCP), est\u00e1 oferecendo mais uma edi\u00e7\u00e3o do Vestibular Social. Os<\/p>\n","protected":false},"author":2,"featured_media":51452,"comment_status":"open","ping_status":"open","sticky":true,"template":"","format":"standard","meta":{"footnotes":""},"categories":[12,264,18,19],"tags":[],"class_list":["post-51451","post","type-post","status-publish","format-standard","has-post-thumbnail","hentry","category-cidade","category-destaque","category-economia","category-educacao"],"_links":{"self":[{"href":"https:\/\/tvc16.com\/portal\/wp-json\/wp\/v2\/posts\/51451","targetHints":{"allow":["GET"]}}],"collection":[{"href":"https:\/\/tvc16.com\/portal\/wp-json\/wp\/v2\/posts"}],"about":[{"href":"https:\/\/tvc16.com\/portal\/wp-json\/wp\/v2\/types\/post"}],"author":[{"embeddable":true,"href":"https:\/\/tvc16.com\/portal\/wp-json\/wp\/v2\/users\/2"}],"replies":[{"embeddable":true,"href":"https:\/\/tvc16.com\/portal\/wp-json\/wp\/v2\/comments?post=51451"}],"version-history":[{"count":1,"href":"https:\/\/tvc16.com\/portal\/wp-json\/wp\/v2\/posts\/51451\/revisions"}],"predecessor-version":[{"id":51453,"href":"https:\/\/tvc16.com\/portal\/wp-json\/wp\/v2\/posts\/51451\/revisions\/51453"}],"wp:featuredmedia":[{"embeddable":true,"href":"https:\/\/tvc16.com\/portal\/wp-json\/wp\/v2\/media\/51452"}],"wp:attachment":[{"href":"https:\/\/tvc16.com\/portal\/wp-json\/wp\/v2\/media?parent=51451"}],"wp:term":[{"taxonomy":"category","embeddable":true,"href":"https:\/\/tvc16.com\/portal\/wp-json\/wp\/v2\/categories?post=51451"},{"taxonomy":"post_tag","embeddable":true,"href":"https:\/\/tvc16.com\/portal\/wp-json\/wp\/v2\/tags?post=51451"}],"curies":[{"name":"wp","href":"https:\/\/api.w.org\/{rel}","templated":true}]}}