{"id":51460,"date":"2023-01-14T10:00:00","date_gmt":"2023-01-14T13:00:00","guid":{"rendered":"https:\/\/tvc16.com\/portal\/?p=51460"},"modified":"2023-01-13T21:47:37","modified_gmt":"2023-01-14T00:47:37","slug":"alerta-para-cuidados-com-a-dengue-durante-o-verao-em-tres-rios","status":"publish","type":"post","link":"https:\/\/tvc16.com\/portal\/2023\/01\/14\/alerta-para-cuidados-com-a-dengue-durante-o-verao-em-tres-rios\/","title":{"rendered":"Alerta para cuidados com a dengue durante o ver\u00e3o em Tr\u00eas Rios"},"content":{"rendered":"\n<p>Com a chegada do ver\u00e3o, marcada pelo aumento das temperaturas e pelo grande volume de chuvas, a Secretaria de Sa\u00fade e Defesa Civil e da Coordenadoria de Vigil\u00e2ncia em Sa\u00fade Ambiental de Tr\u00eas Rios, alerta a popula\u00e7\u00e3o para os cuidados com a dengue.<\/p>\n\n\n\n<p>A virose, transmitida pelo Aedes aegypti, tende a se tornar mais frequente nesta esta\u00e7\u00e3o, exatamente porque as condi\u00e7\u00f5es clim\u00e1ticas caracter\u00edsticas desse per\u00edodo favorecem a prolifera\u00e7\u00e3o do mosquito transmissor, que se produz em locais com \u00e1gua parada.<\/p>\n\n\n\n<p>O primeiro Levantamento R\u00e1pido de \u00cdndices para o Aedes aegypti (LIRAa) estadual, realizado no come\u00e7o do m\u00eas, apontou alto risco para o munic\u00edpio de Tr\u00eas Rios, com o valor 4,1 no \u00cdndice de Infesta\u00e7\u00e3o Predial (IIP) do inseto.<\/p>\n\n\n\n<p>Como principais focos de reprodu\u00e7\u00e3o no munic\u00edpio, o estudo indicou pequenos dep\u00f3sitos m\u00f3veis e locais com lixo, sucatas e entulhos. No entanto, o mosquito \u00e9 capaz de se reproduzir tamb\u00e9m em caixas d\u2019\u00e1gua, vasos de plantas e pneus, muito frequentes em resid\u00eancias.<\/p>\n\n\n\n<p>Para evitar a prolifera\u00e7\u00e3o do mosquito, s\u00e3o v\u00e1lidas barreiras f\u00edsicas em locais com \u00e1gua parada, como cobertura de caixas d\u2019\u00e1gua e preenchimento de vasos de plantas com areia, e tamb\u00e9m a aplica\u00e7\u00e3o de inseticidas e larvicidas em outro locais, como piscinas desativadas, sanit\u00e1rios sem uso frequente e ralos internos.<\/p>\n\n\n\n<p>De acordo com a Secretaria de Sa\u00fade, h\u00e1 casos recentes de dengue registrados no munic\u00edpio, e a estimativa da pasta \u00e9 de que haja uma subnotifica\u00e7\u00e3o dos casos. Os principais sinais e sintomas da dengue s\u00e3o dores musculares intensas, dor ao movimentar os olhos, mal estar, falta de apetite, dor de cabe\u00e7a e manchas vermelhas no corpo.<\/p>\n\n\n\n<p>Em caso de suspeita, o paciente deve procurar imediatamente o servi\u00e7o de sa\u00fade do munic\u00edpio, na Unidade B\u00e1sica de Sa\u00fade (UBS) de refer\u00eancia ou na Unidade de Pronto Atendimento (UPA), no Tri\u00e2ngulo.<\/p>\n\n\n\n<p>A Prefeitura refor\u00e7a tamb\u00e9m para a import\u00e2ncia de os trirrienses receberem em seus domic\u00edlios os Agentes de Combate \u00e0s Endemias, respons\u00e1veis pela vistoria das resid\u00eancias, inspe\u00e7\u00e3o de poss\u00edveis focos e fornecimento de orienta\u00e7\u00f5es quanto \u00e0 preven\u00e7\u00e3o e tratamento da dengue.<\/p>\n","protected":false},"excerpt":{"rendered":"<p>Com a chegada do ver\u00e3o, marcada pelo aumento das temperaturas e pelo grande volume de<\/p>\n","protected":false},"author":2,"featured_media":51461,"comment_status":"open","ping_status":"open","sticky":false,"template":"","format":"standard","meta":{"footnotes":""},"categories":[17],"tags":[],"class_list":["post-51460","post","type-post","status-publish","format-standard","has-post-thumbnail","hentry","category-outras-noticias"],"_links":{"self":[{"href":"https:\/\/tvc16.com\/portal\/wp-json\/wp\/v2\/posts\/51460","targetHints":{"allow":["GET"]}}],"collection":[{"href":"https:\/\/tvc16.com\/portal\/wp-json\/wp\/v2\/posts"}],"about":[{"href":"https:\/\/tvc16.com\/portal\/wp-json\/wp\/v2\/types\/post"}],"author":[{"embeddable":true,"href":"https:\/\/tvc16.com\/portal\/wp-json\/wp\/v2\/users\/2"}],"replies":[{"embeddable":true,"href":"https:\/\/tvc16.com\/portal\/wp-json\/wp\/v2\/comments?post=51460"}],"version-history":[{"count":1,"href":"https:\/\/tvc16.com\/portal\/wp-json\/wp\/v2\/posts\/51460\/revisions"}],"predecessor-version":[{"id":51462,"href":"https:\/\/tvc16.com\/portal\/wp-json\/wp\/v2\/posts\/51460\/revisions\/51462"}],"wp:featuredmedia":[{"embeddable":true,"href":"https:\/\/tvc16.com\/portal\/wp-json\/wp\/v2\/media\/51461"}],"wp:attachment":[{"href":"https:\/\/tvc16.com\/portal\/wp-json\/wp\/v2\/media?parent=51460"}],"wp:term":[{"taxonomy":"category","embeddable":true,"href":"https:\/\/tvc16.com\/portal\/wp-json\/wp\/v2\/categories?post=51460"},{"taxonomy":"post_tag","embeddable":true,"href":"https:\/\/tvc16.com\/portal\/wp-json\/wp\/v2\/tags?post=51460"}],"curies":[{"name":"wp","href":"https:\/\/api.w.org\/{rel}","templated":true}]}}