{"id":51463,"date":"2023-01-16T07:00:00","date_gmt":"2023-01-16T10:00:00","guid":{"rendered":"https:\/\/tvc16.com\/portal\/?p=51463"},"modified":"2023-01-13T21:58:41","modified_gmt":"2023-01-14T00:58:41","slug":"matriculas-para-rede-municipal-de-ensino-comecam-nesta-segunda-16-em-tres-rios","status":"publish","type":"post","link":"https:\/\/tvc16.com\/portal\/2023\/01\/16\/matriculas-para-rede-municipal-de-ensino-comecam-nesta-segunda-16-em-tres-rios\/","title":{"rendered":"Matr\u00edculas para rede municipal de ensino come\u00e7am nesta segunda, 16, em Tr\u00eas Rios"},"content":{"rendered":"\n<p>Come\u00e7am nesta segunda-feira, 16, as matr\u00edculas para a rede municipal de ensino de Tr\u00eas Rios. H\u00e1 vagas dispon\u00edveis para as modalidades de Ensino Regular, do Jardim II ao 9\u00ba ano, e Educa\u00e7\u00e3o de Jovens e Adultos (EJA), da Classe de Alfabetiza\u00e7\u00e3o (CA) \u00e0 VIII fase.<\/p>\n\n\n\n<p>As matr\u00edculas poder\u00e3o ser feitas nas respectivas unidades escolares em dois hor\u00e1rios, das 8h \u00e0s 12h e das 13h \u00e0s 17h. S\u00e3o necess\u00e1rios os seguintes documentos: dos alunos, Certid\u00e3o de Nascimento, CPF, cart\u00e3o de vacina, cart\u00e3o do NIS, atestado de sa\u00fade, tipagem sangu\u00ednea e duas fotos 3X4; dos respons\u00e1veis, RG, CPF e comprovante de resid\u00eancia.<\/p>\n","protected":false},"excerpt":{"rendered":"<p>Come\u00e7am nesta segunda-feira, 16, as matr\u00edculas para a rede municipal de ensino de Tr\u00eas Rios.<\/p>\n","protected":false},"author":2,"featured_media":51464,"comment_status":"open","ping_status":"open","sticky":false,"template":"","format":"standard","meta":{"footnotes":""},"categories":[17],"tags":[],"class_list":["post-51463","post","type-post","status-publish","format-standard","has-post-thumbnail","hentry","category-outras-noticias"],"_links":{"self":[{"href":"https:\/\/tvc16.com\/portal\/wp-json\/wp\/v2\/posts\/51463","targetHints":{"allow":["GET"]}}],"collection":[{"href":"https:\/\/tvc16.com\/portal\/wp-json\/wp\/v2\/posts"}],"about":[{"href":"https:\/\/tvc16.com\/portal\/wp-json\/wp\/v2\/types\/post"}],"author":[{"embeddable":true,"href":"https:\/\/tvc16.com\/portal\/wp-json\/wp\/v2\/users\/2"}],"replies":[{"embeddable":true,"href":"https:\/\/tvc16.com\/portal\/wp-json\/wp\/v2\/comments?post=51463"}],"version-history":[{"count":1,"href":"https:\/\/tvc16.com\/portal\/wp-json\/wp\/v2\/posts\/51463\/revisions"}],"predecessor-version":[{"id":51465,"href":"https:\/\/tvc16.com\/portal\/wp-json\/wp\/v2\/posts\/51463\/revisions\/51465"}],"wp:featuredmedia":[{"embeddable":true,"href":"https:\/\/tvc16.com\/portal\/wp-json\/wp\/v2\/media\/51464"}],"wp:attachment":[{"href":"https:\/\/tvc16.com\/portal\/wp-json\/wp\/v2\/media?parent=51463"}],"wp:term":[{"taxonomy":"category","embeddable":true,"href":"https:\/\/tvc16.com\/portal\/wp-json\/wp\/v2\/categories?post=51463"},{"taxonomy":"post_tag","embeddable":true,"href":"https:\/\/tvc16.com\/portal\/wp-json\/wp\/v2\/tags?post=51463"}],"curies":[{"name":"wp","href":"https:\/\/api.w.org\/{rel}","templated":true}]}}