{"id":51466,"date":"2023-01-15T13:00:00","date_gmt":"2023-01-15T16:00:00","guid":{"rendered":"https:\/\/tvc16.com\/portal\/?p=51466"},"modified":"2023-01-13T22:04:10","modified_gmt":"2023-01-14T01:04:10","slug":"tres-rios-realiza-destinacao-correta-de-lampadas-recolhidas","status":"publish","type":"post","link":"https:\/\/tvc16.com\/portal\/2023\/01\/15\/tres-rios-realiza-destinacao-correta-de-lampadas-recolhidas\/","title":{"rendered":"Tr\u00eas Rios realiza destina\u00e7\u00e3o correta de l\u00e2mpadas recolhidas"},"content":{"rendered":"\n<p>A Prefeitura de Tr\u00eas Rios, por meio da Secretaria de Meio Ambiente e Sustentabilidade, realizou na \u00faltima semana a destina\u00e7\u00e3o adequada de mais um remessa de l\u00e2mpadas descartadas no ponto de coleta do Horto Municipal.<\/p>\n\n\n\n<p>O ponto de coleta \u00e9 uma parceria entre a Secretaria e a Reciclus, entidade sem fins lucrativos que recolhe o material e envia para S\u00e3o Paulo, onde \u00e9 feita uma triagem e a separa\u00e7\u00e3o entre o vidro e os materiais contaminantes das l\u00e2mpadas.<\/p>\n\n\n\n<p>\u201cAs l\u00e2mpadas inserv\u00edveis contendo merc\u00fario, descartadas pelos domic\u00edlios, devem ser mantidas intactas como forma de evitar o vazamento das subst\u00e2ncias t\u00f3xicas at\u00e9 que sejam processadas\u201d, alerta o especialista em res\u00edduos s\u00f3lidos Tiago Cardoso.<\/p>\n\n\n\n<p>A Pol\u00edtica Nacional de Res\u00edduos S\u00f3lidos estabelece normas para o desuso correto desses itens, que envolvem a implementa\u00e7\u00e3o de servi\u00e7o de log\u00edstica reversa do material por fabricantes, comerciantes e importadores.<\/p>\n\n\n\n<p>Atrav\u00e9s de um acordo setorial para implementa\u00e7\u00e3o desse sistema \u00e9 que surgiu a Reciclus, gestora desse servi\u00e7o no Brasil. O acordo prev\u00ea a redu\u00e7\u00e3o na gera\u00e7\u00e3o de res\u00edduos e tem como proposta melhorar a pr\u00e1tica de h\u00e1bitos de consumo sustent\u00e1vel e promover a reciclagem.<\/p>\n\n\n\n<p>\u201cEsse res\u00edduo pode ser transformado em renda, por isso \u00e9 importante que a popula\u00e7\u00e3o tenha conhecimento de como descartar as l\u00e2mpadas corretamente. Al\u00e9m de preservar o meio ambiente, o descarte correto tamb\u00e9m auxilia a economia\u201d, comenta Thiago Vila Verde, secret\u00e1rio da pasta.<\/p>\n","protected":false},"excerpt":{"rendered":"<p>A Prefeitura de Tr\u00eas Rios, por meio da Secretaria de Meio Ambiente e Sustentabilidade, realizou<\/p>\n","protected":false},"author":2,"featured_media":51467,"comment_status":"open","ping_status":"open","sticky":false,"template":"","format":"standard","meta":{"footnotes":""},"categories":[18,19,17],"tags":[],"class_list":["post-51466","post","type-post","status-publish","format-standard","has-post-thumbnail","hentry","category-economia","category-educacao","category-outras-noticias"],"_links":{"self":[{"href":"https:\/\/tvc16.com\/portal\/wp-json\/wp\/v2\/posts\/51466","targetHints":{"allow":["GET"]}}],"collection":[{"href":"https:\/\/tvc16.com\/portal\/wp-json\/wp\/v2\/posts"}],"about":[{"href":"https:\/\/tvc16.com\/portal\/wp-json\/wp\/v2\/types\/post"}],"author":[{"embeddable":true,"href":"https:\/\/tvc16.com\/portal\/wp-json\/wp\/v2\/users\/2"}],"replies":[{"embeddable":true,"href":"https:\/\/tvc16.com\/portal\/wp-json\/wp\/v2\/comments?post=51466"}],"version-history":[{"count":1,"href":"https:\/\/tvc16.com\/portal\/wp-json\/wp\/v2\/posts\/51466\/revisions"}],"predecessor-version":[{"id":51468,"href":"https:\/\/tvc16.com\/portal\/wp-json\/wp\/v2\/posts\/51466\/revisions\/51468"}],"wp:featuredmedia":[{"embeddable":true,"href":"https:\/\/tvc16.com\/portal\/wp-json\/wp\/v2\/media\/51467"}],"wp:attachment":[{"href":"https:\/\/tvc16.com\/portal\/wp-json\/wp\/v2\/media?parent=51466"}],"wp:term":[{"taxonomy":"category","embeddable":true,"href":"https:\/\/tvc16.com\/portal\/wp-json\/wp\/v2\/categories?post=51466"},{"taxonomy":"post_tag","embeddable":true,"href":"https:\/\/tvc16.com\/portal\/wp-json\/wp\/v2\/tags?post=51466"}],"curies":[{"name":"wp","href":"https:\/\/api.w.org\/{rel}","templated":true}]}}