{"id":51469,"date":"2023-01-14T18:00:00","date_gmt":"2023-01-14T21:00:00","guid":{"rendered":"https:\/\/tvc16.com\/portal\/?p=51469"},"modified":"2023-01-13T22:11:53","modified_gmt":"2023-01-14T01:11:53","slug":"vacinacao-contra-a-covid-19-em-nova-friburgo-confira-o-calendario","status":"publish","type":"post","link":"https:\/\/tvc16.com\/portal\/2023\/01\/14\/vacinacao-contra-a-covid-19-em-nova-friburgo-confira-o-calendario\/","title":{"rendered":"Vacina\u00e7\u00e3o contra a Covid-19 em Nova Friburgo: Confira o calend\u00e1rio."},"content":{"rendered":"\n<p>A Secretaria Municipal de Sa\u00fade, continua com a vacina\u00e7\u00e3o contra a covid-19 em Nova Friburgo durante a pr\u00f3xima semana. A imuniza\u00e7\u00e3o ocorre para crian\u00e7as de seis meses at\u00e9 dois anos, 11 meses e 29 dias e com cinco aos 11 anos de idade e para toda a popula\u00e7\u00e3o acima dos 12.\u00a0<\/p>\n\n\n\n<p>De segunda a sexta-feira, de 16 a 20 de janeiro, a primeira, segunda, terceira, quarta e quinta doses, para os grupos indicados, estar\u00e3o dispon\u00edveis nas Unidades B\u00e1sicas de Sa\u00fade do Suspiro, Olaria, Conselheiro Paulino, Cordoeira e S\u00e3o Geraldo. J\u00e1 os pequenos ir\u00e3o receber o imunizante na quarta-feira, 18, nos mesmos locais.&nbsp;<\/p>\n\n\n\n<p>Apenas crian\u00e7as com tr\u00eas e quatro anos, que recebem um imunizante espec\u00edfico, precisar\u00e3o aguardar o recebimento de novas doses. No momento em que o estoque for restabelecido, a vacina\u00e7\u00e3o para esse p\u00fablico retomar\u00e1.<\/p>\n","protected":false},"excerpt":{"rendered":"<p>A Secretaria Municipal de Sa\u00fade, continua com a vacina\u00e7\u00e3o contra a covid-19 em Nova Friburgo<\/p>\n","protected":false},"author":2,"featured_media":51470,"comment_status":"open","ping_status":"open","sticky":false,"template":"","format":"standard","meta":{"footnotes":""},"categories":[17,13],"tags":[],"class_list":["post-51469","post","type-post","status-publish","format-standard","has-post-thumbnail","hentry","category-outras-noticias","category-saude"],"_links":{"self":[{"href":"https:\/\/tvc16.com\/portal\/wp-json\/wp\/v2\/posts\/51469","targetHints":{"allow":["GET"]}}],"collection":[{"href":"https:\/\/tvc16.com\/portal\/wp-json\/wp\/v2\/posts"}],"about":[{"href":"https:\/\/tvc16.com\/portal\/wp-json\/wp\/v2\/types\/post"}],"author":[{"embeddable":true,"href":"https:\/\/tvc16.com\/portal\/wp-json\/wp\/v2\/users\/2"}],"replies":[{"embeddable":true,"href":"https:\/\/tvc16.com\/portal\/wp-json\/wp\/v2\/comments?post=51469"}],"version-history":[{"count":1,"href":"https:\/\/tvc16.com\/portal\/wp-json\/wp\/v2\/posts\/51469\/revisions"}],"predecessor-version":[{"id":51471,"href":"https:\/\/tvc16.com\/portal\/wp-json\/wp\/v2\/posts\/51469\/revisions\/51471"}],"wp:featuredmedia":[{"embeddable":true,"href":"https:\/\/tvc16.com\/portal\/wp-json\/wp\/v2\/media\/51470"}],"wp:attachment":[{"href":"https:\/\/tvc16.com\/portal\/wp-json\/wp\/v2\/media?parent=51469"}],"wp:term":[{"taxonomy":"category","embeddable":true,"href":"https:\/\/tvc16.com\/portal\/wp-json\/wp\/v2\/categories?post=51469"},{"taxonomy":"post_tag","embeddable":true,"href":"https:\/\/tvc16.com\/portal\/wp-json\/wp\/v2\/tags?post=51469"}],"curies":[{"name":"wp","href":"https:\/\/api.w.org\/{rel}","templated":true}]}}