{"id":51474,"date":"2023-01-14T19:00:00","date_gmt":"2023-01-14T22:00:00","guid":{"rendered":"https:\/\/tvc16.com\/portal\/?p=51474"},"modified":"2023-01-13T22:21:27","modified_gmt":"2023-01-14T01:21:27","slug":"nova-friburgo-ocupa-o-2o-lugar-geral-no-ranking-de-reducao-de-criminalidade-do-estado","status":"publish","type":"post","link":"https:\/\/tvc16.com\/portal\/2023\/01\/14\/nova-friburgo-ocupa-o-2o-lugar-geral-no-ranking-de-reducao-de-criminalidade-do-estado\/","title":{"rendered":"Nova Friburgo ocupa o 2\u00ba lugar geral no Ranking de redu\u00e7\u00e3o de criminalidade do Estado"},"content":{"rendered":"\n<p>H\u00e1 tempos Nova Friburgo \u00e9 (re)conhecida por ser uma cidade tranquila e segura, na qual os \u00edndices de criminalidade se mant\u00e9m sempre baixos, gerando uma sensa\u00e7\u00e3o de tranquilidade \u00e0 popula\u00e7\u00e3o e aos turistas que visitam o Munic\u00edpio. E isso muito se deve ao importante e destacado trabalho desenvolvido pelo 11\u00ba Batalh\u00e3o de Pol\u00edcia Militar (BPM) de Nova Friburgo, que conta com total apoio e parceria da Prefeitura de Nova Friburgo.&nbsp;<\/p>\n\n\n\n<p>De acordo com dados publicados pelo Instituto de Seguran\u00e7a P\u00fablica do Estado do Rio de Janeiro (ISP-RJ) e replicados pelo comando do 11\u00ba BPM, no segundo semestre de 2022 o batalh\u00e3o friburguense alcan\u00e7ou o segundo lugar entre todos os batalh\u00f5es do Estado no que se refere a redu\u00e7\u00e3o dos \u00edndices de criminalidade do Sistema Integrado de Meta.&nbsp;<\/p>\n\n\n\n<p>O comando atual do 11\u00ba BPM, sob responsabilidade do tenente-coronel Andr\u00e9 de Holanda Cavalcante desde setembro de 2021, reduziu ainda mais por tr\u00eas semestres seguidos \u00edndices que j\u00e1 haviam apresentado queda em outros levantamentos do ISP-RJ.<\/p>\n\n\n\n<p>\u201cA redu\u00e7\u00e3o significativa dos \u00edndices criminais em Nova Friburgo vem sendo poss\u00edvel gra\u00e7as ao profissionalismo e abnega\u00e7\u00e3o dos policiais militares do 11\u00ba BPM, aliado a a\u00e7\u00f5es integradas com a Pol\u00edcia Civil e com Minist\u00e9rio P\u00fablico local. Ademais, n\u00e3o podemos deixar de ressaltar a relevante parceria constru\u00edda com a Prefeitura de Nova Friburgo, na atual gest\u00e3o, que atrav\u00e9s de sua Guarda Municipal, Subsecretaria Municipal de Posturas e Secretaria Municipal de Ordem e Mobilidade Urbana, possibilitam um planejamento mais elaborado e eficaz para melhor servir a sociedade friburguense\u201d, disse o comandante do 11\u00ba BPM, Andr\u00e9 de Holanda Cavalcante, que completou:<\/p>\n\n\n\n<p>\u201cToda essa integra\u00e7\u00e3o e parceria reflete nos n\u00fameros, que vem sofrendo redu\u00e7\u00e3o significativa h\u00e1 tr\u00eas semestres seguidos, com \u00edndices abaixo de quando a cidade estava em em per\u00edodo de lockdown, devido \u00e0 pandemia da Covid-19. Cont\u00e9m com a Pol\u00edcia Militar, cont\u00e9m com o 11\u00b0 Batalh\u00e3o\u201d.<\/p>\n\n\n\n<p>Confira os n\u00fameros obtidos pelo 11\u00ba BPM de Nova Friburgo<\/p>\n\n\n\n<p>No comparativo entre os anos de 2021 e 2022, Nova Friburgo apresentou redu\u00e7\u00e3o nos quatro principais \u00edndices de criminalidade. Os crimes de letalidade violenta tiveram redu\u00e7\u00e3o de 8,3% no Munic\u00edpio; roubos de ve\u00edculo ca\u00edram 85,7%; roubos de rua tiveram queda de 26,4%; enquanto roubos de carga permaneceram sem registro nos dois anos.&nbsp;<\/p>\n\n\n\n<p>A t\u00edtulo de compara\u00e7\u00e3o, no mesmo recorte entre 2021 e 2022, a Regi\u00e3o Serrana registrou um aumento de 6,8% nos crimes de letalidade violenta. Quando o assunto \u00e9 roubo de cargas, a Regi\u00e3o Serrana tamb\u00e9m teve crescimento nos \u00edndices. Enquanto foram registrados tr\u00eas crimes do tipo em 2021, foram seis em 2022, realidade bem diferente da vivida em Nova Friburgo.<\/p>\n\n\n\n<p>No comparativo com Teres\u00f3polis e Petr\u00f3polis, principais cidades da Regi\u00e3o Serrana ao lado de Nova Friburgo, o Munic\u00edpio tamb\u00e9m apresenta estat\u00edstica positiva, com n\u00fameros mais favor\u00e1veis nos \u00edndices de criminalidade, o que consolidada Nova Friburgo como um dos munic\u00edpios mais seguros do Estado do Rio de Janeiro.&nbsp;<\/p>\n\n\n\n<p>Em Teres\u00f3polis, os casos de letalidade violenta subiram de 18 para 30 entre 2021 e 2022. Roubos de rua tiveram ligeira queda, reduzindo de 30 notifica\u00e7\u00f5es em 2021, para 23 em 2022. J\u00e1 os roubos de ve\u00edculo tamb\u00e9m tiveram uma pequena redu\u00e7\u00e3o no per\u00edodo, indo de sete em 2021 para quatro em 2022. No que se refere aos roubos de carga, os \u00edndices se mantiveram, com um registro em 2021 e outro em 2022.&nbsp;<\/p>\n\n\n\n<p>J\u00e1 em Petr\u00f3polis, assim como em Nova Friburgo, os crimes de letalidade violenta registraram queda. Enquanto em 2021 foram 24 casos, em 2022 foram 14. Os roubos de rua foram reduzidos em 36,1% (de 108 para 69) no per\u00edodo. J\u00e1 os roubos de ve\u00edculo tiveram um pequeno aumento, subindo de sete em 2021 para nove em 2022. A exemplo de Petr\u00f3polis, os \u00edndices referentes a roubos de carga se mantiveram com um registro em 2021 e outro em 2022.<\/p>\n\n\n\n<p>Para o prefeito Johnny Maycon, \u201cal\u00e9m de todas as riquezas que a cidade possui, ser uma das mais seguras do estado, refor\u00e7a a convic\u00e7\u00e3o que Nova Friburgo \u00e9 um dos melhores munic\u00edpios do Brasil para morar e visitar. Estes excelentes resultados na redu\u00e7\u00e3o dos \u00edndices de criminalidade \u00e9 o reflexo do povo ordeiro, honesto e trabalhador e principalmente pelos m\u00e9ritos do trabalho impec\u00e1vel e incans\u00e1vel do 11\u00ba BPM, o qual parabenizo e agrade\u00e7o imensamente ao Comandante Andr\u00e9 de Holanda, sendo extensivo a todo efetivo da PM e demais agentes de seguran\u00e7a do Munic\u00edpio\u201d.<\/p>\n","protected":false},"excerpt":{"rendered":"<p>H\u00e1 tempos Nova Friburgo \u00e9 (re)conhecida por ser uma cidade tranquila e segura, na qual<\/p>\n","protected":false},"author":2,"featured_media":51475,"comment_status":"open","ping_status":"open","sticky":false,"template":"","format":"standard","meta":{"footnotes":""},"categories":[17,13],"tags":[],"class_list":["post-51474","post","type-post","status-publish","format-standard","has-post-thumbnail","hentry","category-outras-noticias","category-saude"],"_links":{"self":[{"href":"https:\/\/tvc16.com\/portal\/wp-json\/wp\/v2\/posts\/51474","targetHints":{"allow":["GET"]}}],"collection":[{"href":"https:\/\/tvc16.com\/portal\/wp-json\/wp\/v2\/posts"}],"about":[{"href":"https:\/\/tvc16.com\/portal\/wp-json\/wp\/v2\/types\/post"}],"author":[{"embeddable":true,"href":"https:\/\/tvc16.com\/portal\/wp-json\/wp\/v2\/users\/2"}],"replies":[{"embeddable":true,"href":"https:\/\/tvc16.com\/portal\/wp-json\/wp\/v2\/comments?post=51474"}],"version-history":[{"count":1,"href":"https:\/\/tvc16.com\/portal\/wp-json\/wp\/v2\/posts\/51474\/revisions"}],"predecessor-version":[{"id":51476,"href":"https:\/\/tvc16.com\/portal\/wp-json\/wp\/v2\/posts\/51474\/revisions\/51476"}],"wp:featuredmedia":[{"embeddable":true,"href":"https:\/\/tvc16.com\/portal\/wp-json\/wp\/v2\/media\/51475"}],"wp:attachment":[{"href":"https:\/\/tvc16.com\/portal\/wp-json\/wp\/v2\/media?parent=51474"}],"wp:term":[{"taxonomy":"category","embeddable":true,"href":"https:\/\/tvc16.com\/portal\/wp-json\/wp\/v2\/categories?post=51474"},{"taxonomy":"post_tag","embeddable":true,"href":"https:\/\/tvc16.com\/portal\/wp-json\/wp\/v2\/tags?post=51474"}],"curies":[{"name":"wp","href":"https:\/\/api.w.org\/{rel}","templated":true}]}}