{"id":5148,"date":"2020-11-07T17:23:01","date_gmt":"2020-11-07T17:23:01","guid":{"rendered":"https:\/\/tvc16.com\/portal\/?p=5148"},"modified":"2020-11-07T17:23:01","modified_gmt":"2020-11-07T17:23:01","slug":"casal-que-ateou-fogo-em-mulher-no-carangola-e-preso","status":"publish","type":"post","link":"https:\/\/tvc16.com\/portal\/2020\/11\/07\/casal-que-ateou-fogo-em-mulher-no-carangola-e-preso\/","title":{"rendered":"Casal que ateou fogo em mulher no Carangola \u00e9 preso"},"content":{"rendered":"\n<p>Ex companheiro, apontado como envolvido no crime, fugiu ap\u00f3s receber alta do HST<\/p>\n\n\n\n<p>Uma mulher e um homem foram presos na manh\u00e3 deste s\u00e1bado (07) pela Pol\u00edcia Civil, ap\u00f3s serem apontados como os respons\u00e1veis por atearem gasolina e depois colocarem fogo, em uma mulher, de 38 anos, no \u00faltimo dia (03). O caso ocorreu no Carangola, e segundo a pol\u00edcia o ex companheiro da v\u00edtima agora tamb\u00e9m \u00e9 considerado suspeito de participa\u00e7\u00e3o no crime. Ele estava internado no Hospital Santa Teresa, ap\u00f3s ser linchado por moradores da regi\u00e3o, mas fugiu ap\u00f3s receber alta m\u00e9dica da unidade. O acusado \u00e9 considerado foragido.<\/p>\n\n\n\n<p>Ainda segundo a pol\u00edcia, a v\u00edtima teve quase 80% do corpo incendiado pelos tr\u00eas acusados, ap\u00f3s discutir com eles na localidade em que residem. A mulher foi socorrida pelo Corpo de Bombeiros, e encaminhada para o Hospital Alcides Carneiro, onde morreu na sexta feira (06).<\/p>\n\n\n\n<p>Diante dos elementos coletados no inqu\u00e9rito, a Autoridade Policial representou pela pris\u00e3o tempor\u00e1ria dos suspeitos. O ex companheiro da v\u00edtima est\u00e1 foragido.<\/p>\n","protected":false},"excerpt":{"rendered":"<p>Ex companheiro, apontado como envolvido no crime, fugiu ap\u00f3s receber alta do HST Uma mulher<\/p>\n","protected":false},"author":2,"featured_media":5149,"comment_status":"open","ping_status":"open","sticky":false,"template":"","format":"standard","meta":{"footnotes":""},"categories":[12],"tags":[],"class_list":["post-5148","post","type-post","status-publish","format-standard","has-post-thumbnail","hentry","category-cidade"],"_links":{"self":[{"href":"https:\/\/tvc16.com\/portal\/wp-json\/wp\/v2\/posts\/5148","targetHints":{"allow":["GET"]}}],"collection":[{"href":"https:\/\/tvc16.com\/portal\/wp-json\/wp\/v2\/posts"}],"about":[{"href":"https:\/\/tvc16.com\/portal\/wp-json\/wp\/v2\/types\/post"}],"author":[{"embeddable":true,"href":"https:\/\/tvc16.com\/portal\/wp-json\/wp\/v2\/users\/2"}],"replies":[{"embeddable":true,"href":"https:\/\/tvc16.com\/portal\/wp-json\/wp\/v2\/comments?post=5148"}],"version-history":[{"count":1,"href":"https:\/\/tvc16.com\/portal\/wp-json\/wp\/v2\/posts\/5148\/revisions"}],"predecessor-version":[{"id":5150,"href":"https:\/\/tvc16.com\/portal\/wp-json\/wp\/v2\/posts\/5148\/revisions\/5150"}],"wp:featuredmedia":[{"embeddable":true,"href":"https:\/\/tvc16.com\/portal\/wp-json\/wp\/v2\/media\/5149"}],"wp:attachment":[{"href":"https:\/\/tvc16.com\/portal\/wp-json\/wp\/v2\/media?parent=5148"}],"wp:term":[{"taxonomy":"category","embeddable":true,"href":"https:\/\/tvc16.com\/portal\/wp-json\/wp\/v2\/categories?post=5148"},{"taxonomy":"post_tag","embeddable":true,"href":"https:\/\/tvc16.com\/portal\/wp-json\/wp\/v2\/tags?post=5148"}],"curies":[{"name":"wp","href":"https:\/\/api.w.org\/{rel}","templated":true}]}}