{"id":51487,"date":"2023-01-14T15:00:00","date_gmt":"2023-01-14T18:00:00","guid":{"rendered":"https:\/\/tvc16.com\/portal\/?p=51487"},"modified":"2023-01-14T08:52:59","modified_gmt":"2023-01-14T11:52:59","slug":"prefeitura-e-fiocruz-em-parceria-para-desenvolvimento-de-acoes-de-educacao-ambiental","status":"publish","type":"post","link":"https:\/\/tvc16.com\/portal\/2023\/01\/14\/prefeitura-e-fiocruz-em-parceria-para-desenvolvimento-de-acoes-de-educacao-ambiental\/","title":{"rendered":"Prefeitura e Fiocruz em parceria para desenvolvimento de a\u00e7\u00f5es de Educa\u00e7\u00e3o Ambiental"},"content":{"rendered":"\n<p>A plataforma digital do Programa Municipal de Educa\u00e7\u00e3o Ambiental (Promea) de Petr\u00f3polis, desenvolvido  por meio das secretarias de Meio Ambiente e Educa\u00e7\u00e3o, foi apresentado a representantes da Fiocruz durante reuni\u00e3o no Pal\u00e1cio Itabora\u00ed nesta sexta-feira (13). O objetivo do encontro \u00e9 fortalecer a rede de Educa\u00e7\u00e3o Ambiental da cidade.<\/p>\n\n\n\n<p>\u201cQue possamos trazer ideias e propostas para o desenvolvimento de a\u00e7\u00f5es para o Meio Ambiente nas escolas da nossa cidade e tamb\u00e9m para as comunidades\u201d, disse o secret\u00e1rio de Meio Ambiente, Carlos Alberto Muniz. \u201cEssa plataforma vai servir para estreitar os la\u00e7os de todos os atores envolvidos e vamos sim poder ajudar e integrar essa rede\u201d, comentou a pesquisadora da Fiocruz Jane Costa.<\/p>\n\n\n\n<p>A plataforma foi apresentada pelo diretor administrativo da Secretaria de Educa\u00e7\u00e3o, Anderson Campos. A ferramenta est\u00e1 em fase final de constru\u00e7\u00e3o e vai permitir que os professores, em sala de aula, possam desenvolver atividades de Educa\u00e7\u00e3o Ambiental com os alunos. A plataforma tamb\u00e9m poder\u00e1 ser acessada pelo p\u00fablico em geral e ficar\u00e1 hospedada no site da Prefeitura, sendo totalmente interativa. \u201cQueremos conectar os atores que j\u00e1 est\u00e3o desenvolvendo Educa\u00e7\u00e3o Ambiental\u201d, frisou Anderson.<\/p>\n\n\n\n<p>O vice-diretor de Ensino da Fiocruz, Ademir Martins, ressaltou a import\u00e2ncia de entender as especificidades de cada regi\u00e3o para desenvolvimento das a\u00e7\u00f5es. \u201c\u00c9 preciso entender a vis\u00e3o de cada localidade e como \u00e9 a melhor forma de transmitir essa mensagem\u201d. A plataforma ser\u00e1 dividida em seis eixos com a principal miss\u00e3o de \u201ctransformar conhecimento em mudan\u00e7a de comportamento para a conserva\u00e7\u00e3o e prote\u00e7\u00e3o da Mata Atl\u00e2ntica\u201d.<\/p>\n\n\n\n<p>Al\u00e9m das escolas, o Programa Municipal de Educa\u00e7\u00e3o Ambiental tamb\u00e9m tem foco nas comunidades, empresas e Administra\u00e7\u00e3o P\u00fablica.<\/p>\n","protected":false},"excerpt":{"rendered":"<p>A plataforma digital do Programa Municipal de Educa\u00e7\u00e3o Ambiental (Promea) de Petr\u00f3polis, desenvolvido por meio<\/p>\n","protected":false},"author":2,"featured_media":51488,"comment_status":"open","ping_status":"open","sticky":false,"template":"","format":"standard","meta":{"footnotes":""},"categories":[12,21,18,19,15],"tags":[],"class_list":["post-51487","post","type-post","status-publish","format-standard","has-post-thumbnail","hentry","category-cidade","category-cultura","category-economia","category-educacao","category-politica"],"_links":{"self":[{"href":"https:\/\/tvc16.com\/portal\/wp-json\/wp\/v2\/posts\/51487","targetHints":{"allow":["GET"]}}],"collection":[{"href":"https:\/\/tvc16.com\/portal\/wp-json\/wp\/v2\/posts"}],"about":[{"href":"https:\/\/tvc16.com\/portal\/wp-json\/wp\/v2\/types\/post"}],"author":[{"embeddable":true,"href":"https:\/\/tvc16.com\/portal\/wp-json\/wp\/v2\/users\/2"}],"replies":[{"embeddable":true,"href":"https:\/\/tvc16.com\/portal\/wp-json\/wp\/v2\/comments?post=51487"}],"version-history":[{"count":1,"href":"https:\/\/tvc16.com\/portal\/wp-json\/wp\/v2\/posts\/51487\/revisions"}],"predecessor-version":[{"id":51489,"href":"https:\/\/tvc16.com\/portal\/wp-json\/wp\/v2\/posts\/51487\/revisions\/51489"}],"wp:featuredmedia":[{"embeddable":true,"href":"https:\/\/tvc16.com\/portal\/wp-json\/wp\/v2\/media\/51488"}],"wp:attachment":[{"href":"https:\/\/tvc16.com\/portal\/wp-json\/wp\/v2\/media?parent=51487"}],"wp:term":[{"taxonomy":"category","embeddable":true,"href":"https:\/\/tvc16.com\/portal\/wp-json\/wp\/v2\/categories?post=51487"},{"taxonomy":"post_tag","embeddable":true,"href":"https:\/\/tvc16.com\/portal\/wp-json\/wp\/v2\/tags?post=51487"}],"curies":[{"name":"wp","href":"https:\/\/api.w.org\/{rel}","templated":true}]}}