{"id":51493,"date":"2023-01-15T07:00:00","date_gmt":"2023-01-15T10:00:00","guid":{"rendered":"https:\/\/tvc16.com\/portal\/?p=51493"},"modified":"2023-01-14T13:07:15","modified_gmt":"2023-01-14T16:07:15","slug":"inscricoes-para-o-vestibular-social-terminam-no-domingo","status":"publish","type":"post","link":"https:\/\/tvc16.com\/portal\/2023\/01\/15\/inscricoes-para-o-vestibular-social-terminam-no-domingo\/","title":{"rendered":"Inscri\u00e7\u00f5es para o Vestibular Social terminam no domingo"},"content":{"rendered":"\n<p>Termina neste domingo (15) o prazo para as inscri\u00e7\u00f5es para o Vestibular Social, da Universidade Cat\u00f3lica de Petr\u00f3polis (UCP). S\u00e3o 200 vagas (com bolsas integrais) para diversos cursos de gradua\u00e7\u00e3o. As inscri\u00e7\u00f5es devem ser feitas pelo site (https:\/\/vestibular.ucp.br\/vestibular-social\/). O Vestibular Social foi criado pela Prefeitura em 2007 e foi retomado esse ano.<\/p>\n\n\n\n<p>Para concorrer os candidatos devem ter cursado, no m\u00ednimo, duas s\u00e9ries do Ensino M\u00e9dio em escola p\u00fablica (municipal ou estadual) em Petr\u00f3polis e, simultaneamente, ter conclu\u00eddo o Ensino M\u00e9dio em unidade municipal ou estadual na cidade; ou terem cursado o Ensino M\u00e9dio na rede particular por meio do Programa Todos Pela Educa\u00e7\u00e3o de Petr\u00f3polis. Tamb\u00e9m n\u00e3o podem ter diploma de gradua\u00e7\u00e3o e n\u00e3o terem conclu\u00eddo nenhuma disciplina, com aprova\u00e7\u00e3o, em cursos de gradua\u00e7\u00e3o.<\/p>\n\n\n\n<p>A prova ser\u00e1 realizada no dia 22 de janeiro no Campus Dom Veloso, localizado \u00e0 Rua Benjamin Constant, no Centro. O candidato dever\u00e1 fazer uma reda\u00e7\u00e3o e responder a 35 quest\u00f5es objetivas de m\u00faltipla escolha. O edital completo do Vestibular Social est\u00e1 dispon\u00edvel no site da UCP.<\/p>\n","protected":false},"excerpt":{"rendered":"<p>Termina neste domingo (15) o prazo para as inscri\u00e7\u00f5es para o Vestibular Social, da Universidade<\/p>\n","protected":false},"author":2,"featured_media":51452,"comment_status":"open","ping_status":"open","sticky":false,"template":"","format":"standard","meta":{"footnotes":""},"categories":[12,21,264,18,19],"tags":[],"class_list":["post-51493","post","type-post","status-publish","format-standard","has-post-thumbnail","hentry","category-cidade","category-cultura","category-destaque","category-economia","category-educacao"],"_links":{"self":[{"href":"https:\/\/tvc16.com\/portal\/wp-json\/wp\/v2\/posts\/51493","targetHints":{"allow":["GET"]}}],"collection":[{"href":"https:\/\/tvc16.com\/portal\/wp-json\/wp\/v2\/posts"}],"about":[{"href":"https:\/\/tvc16.com\/portal\/wp-json\/wp\/v2\/types\/post"}],"author":[{"embeddable":true,"href":"https:\/\/tvc16.com\/portal\/wp-json\/wp\/v2\/users\/2"}],"replies":[{"embeddable":true,"href":"https:\/\/tvc16.com\/portal\/wp-json\/wp\/v2\/comments?post=51493"}],"version-history":[{"count":1,"href":"https:\/\/tvc16.com\/portal\/wp-json\/wp\/v2\/posts\/51493\/revisions"}],"predecessor-version":[{"id":51494,"href":"https:\/\/tvc16.com\/portal\/wp-json\/wp\/v2\/posts\/51493\/revisions\/51494"}],"wp:featuredmedia":[{"embeddable":true,"href":"https:\/\/tvc16.com\/portal\/wp-json\/wp\/v2\/media\/51452"}],"wp:attachment":[{"href":"https:\/\/tvc16.com\/portal\/wp-json\/wp\/v2\/media?parent=51493"}],"wp:term":[{"taxonomy":"category","embeddable":true,"href":"https:\/\/tvc16.com\/portal\/wp-json\/wp\/v2\/categories?post=51493"},{"taxonomy":"post_tag","embeddable":true,"href":"https:\/\/tvc16.com\/portal\/wp-json\/wp\/v2\/tags?post=51493"}],"curies":[{"name":"wp","href":"https:\/\/api.w.org\/{rel}","templated":true}]}}