{"id":51498,"date":"2023-01-15T10:00:00","date_gmt":"2023-01-15T13:00:00","guid":{"rendered":"https:\/\/tvc16.com\/portal\/?p=51498"},"modified":"2023-01-14T13:31:22","modified_gmt":"2023-01-14T16:31:22","slug":"ultimas-horas-para-inscricoes-no-premio-maestro-guerra-peixe","status":"publish","type":"post","link":"https:\/\/tvc16.com\/portal\/2023\/01\/15\/ultimas-horas-para-inscricoes-no-premio-maestro-guerra-peixe\/","title":{"rendered":"\u00daltimas horas para inscri\u00e7\u00f5es no pr\u00eamio Maestro Guerra Peixe"},"content":{"rendered":"\n<p>O prazo para as inscri\u00e7\u00f5es para o Pr\u00eamio Maestro Guerra-Peixe, promovido pelo Instituto Municipal de Cultura (IMC), termina neste domingo (15). Produtores e realizadores de cultura de Petr\u00f3polis, devem ser inscrever pelo link https:\/\/forms.gle\/NinY6cwh7zWVHa3z5. Este ano a premia\u00e7\u00e3o, presencial, acontece em mar\u00e7o.<\/p>\n\n\n\n<p>Podem se inscrever trabalhos referentes aos anos de 2021 e 2022 nas seguintes categorias: M\u00fasica Erudita, M\u00fasica Popular, Teatro, Dan\u00e7a, Artes Pl\u00e1sticas, Literatura, Comunica\u00e7\u00e3o, Audiovisual e Produ\u00e7\u00e3o Cultural. O Pr\u00eamio Maestro Guerra-Peixe tamb\u00e9m conta com outras tr\u00eas categorias que s\u00e3o destinadas a homenageados.<\/p>\n\n\n\n<p>S\u00e3o elas: Not\u00f3rio Conhecimento concedido a profissional, empresa ou grupo que realizou not\u00f3rios servi\u00e7os \u00e0 cidade ao longo dos anos; Especial, que \u00e9 concedido a profissional, empresa ou grupo que se destacou no setor cultural; e Janela para Saudade, que homenageia postumamente todos aqueles profissionais ligados \u00e0 cultura petropolitana falecidos no decorrer do ano.<\/p>\n","protected":false},"excerpt":{"rendered":"<p>O prazo para as inscri\u00e7\u00f5es para o Pr\u00eamio Maestro Guerra-Peixe, promovido pelo Instituto Municipal de<\/p>\n","protected":false},"author":2,"featured_media":51499,"comment_status":"open","ping_status":"open","sticky":false,"template":"","format":"standard","meta":{"footnotes":""},"categories":[12,21,264,19],"tags":[],"class_list":["post-51498","post","type-post","status-publish","format-standard","has-post-thumbnail","hentry","category-cidade","category-cultura","category-destaque","category-educacao"],"_links":{"self":[{"href":"https:\/\/tvc16.com\/portal\/wp-json\/wp\/v2\/posts\/51498","targetHints":{"allow":["GET"]}}],"collection":[{"href":"https:\/\/tvc16.com\/portal\/wp-json\/wp\/v2\/posts"}],"about":[{"href":"https:\/\/tvc16.com\/portal\/wp-json\/wp\/v2\/types\/post"}],"author":[{"embeddable":true,"href":"https:\/\/tvc16.com\/portal\/wp-json\/wp\/v2\/users\/2"}],"replies":[{"embeddable":true,"href":"https:\/\/tvc16.com\/portal\/wp-json\/wp\/v2\/comments?post=51498"}],"version-history":[{"count":1,"href":"https:\/\/tvc16.com\/portal\/wp-json\/wp\/v2\/posts\/51498\/revisions"}],"predecessor-version":[{"id":51500,"href":"https:\/\/tvc16.com\/portal\/wp-json\/wp\/v2\/posts\/51498\/revisions\/51500"}],"wp:featuredmedia":[{"embeddable":true,"href":"https:\/\/tvc16.com\/portal\/wp-json\/wp\/v2\/media\/51499"}],"wp:attachment":[{"href":"https:\/\/tvc16.com\/portal\/wp-json\/wp\/v2\/media?parent=51498"}],"wp:term":[{"taxonomy":"category","embeddable":true,"href":"https:\/\/tvc16.com\/portal\/wp-json\/wp\/v2\/categories?post=51498"},{"taxonomy":"post_tag","embeddable":true,"href":"https:\/\/tvc16.com\/portal\/wp-json\/wp\/v2\/tags?post=51498"}],"curies":[{"name":"wp","href":"https:\/\/api.w.org\/{rel}","templated":true}]}}