{"id":515,"date":"2020-09-16T12:16:10","date_gmt":"2020-09-16T12:16:10","guid":{"rendered":"https:\/\/tvc16.com\/portal\/?p=515"},"modified":"2020-09-16T12:16:10","modified_gmt":"2020-09-16T12:16:10","slug":"governador-em-exercicio-anuncia-troca-em-comando-de-duas-secretarias","status":"publish","type":"post","link":"https:\/\/tvc16.com\/portal\/2020\/09\/16\/governador-em-exercicio-anuncia-troca-em-comando-de-duas-secretarias\/","title":{"rendered":"Governador em exerc\u00edcio anuncia troca em comando de duas secretarias"},"content":{"rendered":"\n<p><em>As pastas de Ci\u00eancia e Tecnologia e de Cidades ser\u00e3o ocupadas por quadros t\u00e9cnic<\/em>os<\/p>\n\n\n\n<p>O governador em exerc\u00edcio do Estado do Rio, Cl\u00e1udio Castro, trocou o comando de duas secretarias estaduais. A pasta de Ci\u00eancia e Tecnologia ser\u00e1 liderada pela professora universit\u00e1ria Maria Isabel de Castro de Souza.\u00a0<br>O engenheiro Uruan Cintra de Andrade assume a Secretaria de Cidades. Al\u00e9m disso, responder\u00e1 interinamente pela Secretaria de Estado de Trabalho e Renda. As nomea\u00e7\u00f5es foram publicadas na edi\u00e7\u00e3o do Di\u00e1rio Oficial desta quarta-feira (16).<\/p>\n\n\n\n<p><br>&#8211; As pastas de Ci\u00eancia e Tecnologia e de Cidades s\u00e3o muito importantes para o estado. Ambos os nomes t\u00eam condi\u00e7\u00f5es de realizar um bom trabalho \u00e0 frente das secretarias. Desejo que possam desempenhar bem suas fun\u00e7\u00f5es e caminharmos juntos pelo melhor para o Rio de Janeiro &#8211; destacou o governador.<\/p>\n\n\n\n<p><strong>PerfilCi\u00eancia e Tecnologia<\/strong><\/p>\n\n\n\n<p><br>Maria Isabel de Castro de Souza \u00e9 doutora em Odontologia pela Universidade Federal do Rio de Janeiro. Foi subsecret\u00e1ria de Ci\u00eancia e Tecnologia\/SECTIDS\/RJ e presidente da Faperj. Tem experi\u00eancia em Odontopediatria, Sa\u00fade Coletiva e Telessa\u00fade.<\/p>\n\n\n\n<p><br><strong>Cidades<\/strong><\/p>\n\n\n\n<p><br>Engenheiro formado pela Universidade Gama Filho, Uruan Cintra de Andrade tem experi\u00eancia nas \u00e1reas de Gest\u00e3o, Comercial, Operacional e de Equipamentos da extinta Telerj. Tamb\u00e9m foi gestor de Projetos Estrat\u00e9gicos de Infraestrutura no Detran-RJ.\u00a0<br><\/p>\n\n\n\n<p>Assumiu a presid\u00eancia do Departamento de Estradas de Rodagem do Estado do Rio de Janeiro (DER-RJ) em janeiro de 2019, trabalhando desde ent\u00e3o na revitaliza\u00e7\u00e3o da malha rodovi\u00e1ria do estado.<\/p>\n","protected":false},"excerpt":{"rendered":"<p>As pastas de Ci\u00eancia e Tecnologia e de Cidades ser\u00e3o ocupadas por quadros t\u00e9cnicos O<\/p>\n","protected":false},"author":2,"featured_media":516,"comment_status":"open","ping_status":"open","sticky":false,"template":"","format":"standard","meta":{"footnotes":""},"categories":[15],"tags":[],"class_list":["post-515","post","type-post","status-publish","format-standard","has-post-thumbnail","hentry","category-politica"],"_links":{"self":[{"href":"https:\/\/tvc16.com\/portal\/wp-json\/wp\/v2\/posts\/515","targetHints":{"allow":["GET"]}}],"collection":[{"href":"https:\/\/tvc16.com\/portal\/wp-json\/wp\/v2\/posts"}],"about":[{"href":"https:\/\/tvc16.com\/portal\/wp-json\/wp\/v2\/types\/post"}],"author":[{"embeddable":true,"href":"https:\/\/tvc16.com\/portal\/wp-json\/wp\/v2\/users\/2"}],"replies":[{"embeddable":true,"href":"https:\/\/tvc16.com\/portal\/wp-json\/wp\/v2\/comments?post=515"}],"version-history":[{"count":1,"href":"https:\/\/tvc16.com\/portal\/wp-json\/wp\/v2\/posts\/515\/revisions"}],"predecessor-version":[{"id":517,"href":"https:\/\/tvc16.com\/portal\/wp-json\/wp\/v2\/posts\/515\/revisions\/517"}],"wp:featuredmedia":[{"embeddable":true,"href":"https:\/\/tvc16.com\/portal\/wp-json\/wp\/v2\/media\/516"}],"wp:attachment":[{"href":"https:\/\/tvc16.com\/portal\/wp-json\/wp\/v2\/media?parent=515"}],"wp:term":[{"taxonomy":"category","embeddable":true,"href":"https:\/\/tvc16.com\/portal\/wp-json\/wp\/v2\/categories?post=515"},{"taxonomy":"post_tag","embeddable":true,"href":"https:\/\/tvc16.com\/portal\/wp-json\/wp\/v2\/tags?post=515"}],"curies":[{"name":"wp","href":"https:\/\/api.w.org\/{rel}","templated":true}]}}