{"id":51501,"date":"2023-01-14T17:34:08","date_gmt":"2023-01-14T20:34:08","guid":{"rendered":"https:\/\/tvc16.com\/portal\/?p=51501"},"modified":"2023-01-14T17:34:09","modified_gmt":"2023-01-14T20:34:09","slug":"petropolis-vai-ganhar-secretaria-municipal-das-mulheres","status":"publish","type":"post","link":"https:\/\/tvc16.com\/portal\/2023\/01\/14\/petropolis-vai-ganhar-secretaria-municipal-das-mulheres\/","title":{"rendered":"Petr\u00f3polis vai ganhar Secretaria Municipal das Mulheres"},"content":{"rendered":"\n<p>A rede de prote\u00e7\u00e3o e atendimento \u00e0 mulher vai ganhar um importante refor\u00e7o em Petr\u00f3polis. Um projeto de lei para a cria\u00e7\u00e3o da Secretaria Municipal das Mulheres, est\u00e1 sendo elaborado pela Prefeitura e ser\u00e1 encaminhado nos pr\u00f3ximos dias para aprova\u00e7\u00e3o na C\u00e2mara Municipal. O an\u00fancio foi feito durante a \u00faltima reuni\u00e3o do Conselho Municipal dos Direitos da Mulher (Comdim), na noite de quinta-feira (12).<\/p>\n\n\n\n<p>Com a nova estrutura, a inten\u00e7\u00e3o da Prefeitura \u00e9 otimizar, intensificar e criar pol\u00edticas p\u00fablicas em defesa das mulheres, principalmente nos temas relacionados a viol\u00eancia. Dos 92 munic\u00edpios do Estado do Rio de Janeiro, apenas 10 cidades contam com secretarias voltadas para as mulheres. Dos 295.917 habitantes contabilizados no \u00faltimo Censo do IBGE, realizado em 2010, um total de 154.901 eram mulheres. Em 2021, a popula\u00e7\u00e3o total estimada, em Petr\u00f3polis, era de 307.144 habitantes. A perspectiva \u00e9 de a popula\u00e7\u00e3o feminina continue sendo majorit\u00e1ria.<\/p>\n\n\n\n<p>\u201cCome\u00e7amos a trilhar esse caminho h\u00e1 mais de 20 anos com a cria\u00e7\u00e3o do Comdim e o nascimento do CRAM, por exemplo. S\u00f3 conseguimos chegar at\u00e9 aqui, porque tivemos a sociedade civil do lado, como as associa\u00e7\u00f5es de moradores, que se disp\u00f5em a conversar e avan\u00e7ar na pauta em defesa das mulheres e contra qualquer tipo de viol\u00eancia. Com essa nova secretaria ser\u00e1 poss\u00edvel estruturar e elaborar pol\u00edticas p\u00fablicas que s\u00e3o fundamentais para o fortalecimento dessa rede de prote\u00e7\u00e3o\u201d, disse a secret\u00e1ria Chefe de Gabinete e presidente do Comdim, Luciane Bomtempo.<\/p>\n\n\n\n<p>Emocionada, a vice-presidente do Comdim, Viviane Marques, destacou a import\u00e2ncia da nova secretaria. \u201cAs portas para que as mulheres que vivem em situa\u00e7\u00e3o de risco recebam um atendimento ainda mais digno est\u00e3o sendo abertas com a cria\u00e7\u00e3o dessa secretaria. Neste momento, n\u00e3o tenho d\u00favidas de que a luta por pol\u00edticas p\u00fablicas que, de fato, fa\u00e7am a diferen\u00e7a na vida de todas n\u00f3s, est\u00e1 valendo a pena. Queremos fazer com que as mulheres da nossa cidade se sintam mais fortalecidas e, dessa forma, vislumbrem e galguem um futuro com menos preconceito e mais dignidade\u201d.<\/p>\n\n\n\n<p>\u201cEssa era uma not\u00edcia esperada por muitos anos. Um grande sonho de todas as conselheiras da sociedade civil e que hoje est\u00e1 sendo concretizado. T\u00ednhamos a certeza que conseguir\u00edamos esse espa\u00e7o t\u00e3o necessitado e que, sem d\u00favida, far\u00e1 toda a diferen\u00e7a na vida de todas as mulheres petropolitanas\u201d, frisa a conselheira \u00c2ngela Alc\u00e2ntara.<\/p>\n","protected":false},"excerpt":{"rendered":"<p>A rede de prote\u00e7\u00e3o e atendimento \u00e0 mulher vai ganhar um importante refor\u00e7o em Petr\u00f3polis.<\/p>\n","protected":false},"author":2,"featured_media":51502,"comment_status":"open","ping_status":"open","sticky":false,"template":"","format":"standard","meta":{"footnotes":""},"categories":[12,21,264,15],"tags":[],"class_list":["post-51501","post","type-post","status-publish","format-standard","has-post-thumbnail","hentry","category-cidade","category-cultura","category-destaque","category-politica"],"_links":{"self":[{"href":"https:\/\/tvc16.com\/portal\/wp-json\/wp\/v2\/posts\/51501","targetHints":{"allow":["GET"]}}],"collection":[{"href":"https:\/\/tvc16.com\/portal\/wp-json\/wp\/v2\/posts"}],"about":[{"href":"https:\/\/tvc16.com\/portal\/wp-json\/wp\/v2\/types\/post"}],"author":[{"embeddable":true,"href":"https:\/\/tvc16.com\/portal\/wp-json\/wp\/v2\/users\/2"}],"replies":[{"embeddable":true,"href":"https:\/\/tvc16.com\/portal\/wp-json\/wp\/v2\/comments?post=51501"}],"version-history":[{"count":1,"href":"https:\/\/tvc16.com\/portal\/wp-json\/wp\/v2\/posts\/51501\/revisions"}],"predecessor-version":[{"id":51503,"href":"https:\/\/tvc16.com\/portal\/wp-json\/wp\/v2\/posts\/51501\/revisions\/51503"}],"wp:featuredmedia":[{"embeddable":true,"href":"https:\/\/tvc16.com\/portal\/wp-json\/wp\/v2\/media\/51502"}],"wp:attachment":[{"href":"https:\/\/tvc16.com\/portal\/wp-json\/wp\/v2\/media?parent=51501"}],"wp:term":[{"taxonomy":"category","embeddable":true,"href":"https:\/\/tvc16.com\/portal\/wp-json\/wp\/v2\/categories?post=51501"},{"taxonomy":"post_tag","embeddable":true,"href":"https:\/\/tvc16.com\/portal\/wp-json\/wp\/v2\/tags?post=51501"}],"curies":[{"name":"wp","href":"https:\/\/api.w.org\/{rel}","templated":true}]}}