{"id":51507,"date":"2023-01-15T08:30:00","date_gmt":"2023-01-15T11:30:00","guid":{"rendered":"https:\/\/tvc16.com\/portal\/?p=51507"},"modified":"2023-01-14T21:45:41","modified_gmt":"2023-01-15T00:45:41","slug":"brasil-registra-35-mortes-de-covid-em-24-horas","status":"publish","type":"post","link":"https:\/\/tvc16.com\/portal\/2023\/01\/15\/brasil-registra-35-mortes-de-covid-em-24-horas\/","title":{"rendered":"Brasil registra 35 mortes de Covid em 24 horas"},"content":{"rendered":"\n<p>O Brasil registrou 35 mortes por de neste s\u00e1bado (14). Com isso, desde o in\u00edcio da pandemia, o pa\u00eds somou 695.369 vidas perdidas casos da doen\u00e7a.<br>Foram coletados dados de 12 estados. Amazonas, Santa Catarina e Sergipe n\u00e3o registraram novos \u00f3bitos nas \u00faltimas 24 horas.<br>Os dados do pa\u00eds, coletados at\u00e9 20h, s\u00e3o fruto de colabora\u00e7\u00e3o entre Folha, UOL, O Estado de S. Paulo, Extra, O Globo e G1 para reunir e divulgar os n\u00fameros relativos \u00e0 pandemia do coronav\u00edrus. As informa\u00e7\u00f5es s\u00e3o recolhidas pelo cons\u00f3rcio de ve\u00edculos de imprensa diariamente com as Secretarias de Sa\u00fade estaduais.<br>Ao todo, 182.661.635 pessoas receberam pelo menos a primeira dose de uma vacina contra a Covid no Brasil. Somadas as doses \u00fanicas da vacina da Janssen, s\u00e3o 172.783.487 pessoas com as duas doses ou uma dose da vacina da Janssen.<br>Assim, o pa\u00eds j\u00e1 tem 85,03% da popula\u00e7\u00e3o com a primeira dose e 80,43% dos brasileiros com as duas doses ou uma dose da vacina da Janssen.<br>At\u00e9 o momento, 108.233.929 pessoas j\u00e1 tomaram a terceira dose, e 39.765.500, a quarta.<br>Em rela\u00e7\u00e3o \u00e0s crian\u00e7as, foram aplicadas 15.087.430 primeiras doses (57,10%) na faixa et\u00e1ria de 3 a 11 anos e 10.487.698 segundas doses (39,69%).<br>A iniciativa do cons\u00f3rcio de ve\u00edculos de imprensa ocorreu em resposta \u00e0s atitudes do governo Jair Bolsonaro (PL), que amea\u00e7ou sonegar dados, atrasou boletins sobre a doen\u00e7a e tirou informa\u00e7\u00f5es do ar, com a interrup\u00e7\u00e3o da divulga\u00e7\u00e3o dos totais de casos e mortes.<\/p>\n","protected":false},"excerpt":{"rendered":"<p>O Brasil registrou 35 mortes por de neste s\u00e1bado (14). Com isso, desde o in\u00edcio<\/p>\n","protected":false},"author":2,"featured_media":51508,"comment_status":"open","ping_status":"open","sticky":false,"template":"","format":"standard","meta":{"footnotes":""},"categories":[17,14,13],"tags":[],"class_list":["post-51507","post","type-post","status-publish","format-standard","has-post-thumbnail","hentry","category-outras-noticias","category-pais","category-saude"],"_links":{"self":[{"href":"https:\/\/tvc16.com\/portal\/wp-json\/wp\/v2\/posts\/51507","targetHints":{"allow":["GET"]}}],"collection":[{"href":"https:\/\/tvc16.com\/portal\/wp-json\/wp\/v2\/posts"}],"about":[{"href":"https:\/\/tvc16.com\/portal\/wp-json\/wp\/v2\/types\/post"}],"author":[{"embeddable":true,"href":"https:\/\/tvc16.com\/portal\/wp-json\/wp\/v2\/users\/2"}],"replies":[{"embeddable":true,"href":"https:\/\/tvc16.com\/portal\/wp-json\/wp\/v2\/comments?post=51507"}],"version-history":[{"count":1,"href":"https:\/\/tvc16.com\/portal\/wp-json\/wp\/v2\/posts\/51507\/revisions"}],"predecessor-version":[{"id":51509,"href":"https:\/\/tvc16.com\/portal\/wp-json\/wp\/v2\/posts\/51507\/revisions\/51509"}],"wp:featuredmedia":[{"embeddable":true,"href":"https:\/\/tvc16.com\/portal\/wp-json\/wp\/v2\/media\/51508"}],"wp:attachment":[{"href":"https:\/\/tvc16.com\/portal\/wp-json\/wp\/v2\/media?parent=51507"}],"wp:term":[{"taxonomy":"category","embeddable":true,"href":"https:\/\/tvc16.com\/portal\/wp-json\/wp\/v2\/categories?post=51507"},{"taxonomy":"post_tag","embeddable":true,"href":"https:\/\/tvc16.com\/portal\/wp-json\/wp\/v2\/tags?post=51507"}],"curies":[{"name":"wp","href":"https:\/\/api.w.org\/{rel}","templated":true}]}}