{"id":5151,"date":"2020-11-07T19:18:41","date_gmt":"2020-11-07T19:18:41","guid":{"rendered":"https:\/\/tvc16.com\/portal\/?p=5151"},"modified":"2020-11-07T19:18:41","modified_gmt":"2020-11-07T19:18:41","slug":"segunda-vitima-de-acidente-na-estrada-philuvio-cerqueira-rodrigues-morre-no-hst","status":"publish","type":"post","link":"https:\/\/tvc16.com\/portal\/2020\/11\/07\/segunda-vitima-de-acidente-na-estrada-philuvio-cerqueira-rodrigues-morre-no-hst\/","title":{"rendered":"Segunda v\u00edtima de acidente na Estrada Phil\u00favio Cerqueira Rodrigues morre no HST"},"content":{"rendered":"\n<p>Morreu neste s\u00e1bado (07) segunda pessoa envolvida no acidente que ocorreu no \u00faltimo domingo (01), na Estrada Phil\u00favio Cerqueira Rodrigues, em Itaipava, na altura da localidade de Madame Machado. A v\u00edtima \u00e9 a m\u00e3e da adolescente, de 15 anos, que tamb\u00e9m faleceu esta semana. A mulher estava internada em estado grave no CTI, do Hospital Santa Teresa (HST). <\/p>\n\n\n\n<p>O ve\u00edculo em que ambas estavam, tinha mais duas pessoas da fam\u00edlia que tamb\u00e9m foram internadas no HST com ferimentos. Eles seguiam em um carro sentido Teres\u00f3polis, quando foram atingidos por outro autom\u00f3vel que ia para Itaipava. A Pol\u00edcia Civil instaurou inqu\u00e9rito para investigar o acidente.O estado de sa\u00fade dos outros dois familiares n\u00e3o foi divulgado.Foto: redes sociais<\/p>\n","protected":false},"excerpt":{"rendered":"<p>Morreu neste s\u00e1bado (07) segunda pessoa envolvida no acidente que ocorreu no \u00faltimo domingo (01),<\/p>\n","protected":false},"author":2,"featured_media":5152,"comment_status":"open","ping_status":"open","sticky":false,"template":"","format":"standard","meta":{"footnotes":""},"categories":[12],"tags":[],"class_list":["post-5151","post","type-post","status-publish","format-standard","has-post-thumbnail","hentry","category-cidade"],"_links":{"self":[{"href":"https:\/\/tvc16.com\/portal\/wp-json\/wp\/v2\/posts\/5151","targetHints":{"allow":["GET"]}}],"collection":[{"href":"https:\/\/tvc16.com\/portal\/wp-json\/wp\/v2\/posts"}],"about":[{"href":"https:\/\/tvc16.com\/portal\/wp-json\/wp\/v2\/types\/post"}],"author":[{"embeddable":true,"href":"https:\/\/tvc16.com\/portal\/wp-json\/wp\/v2\/users\/2"}],"replies":[{"embeddable":true,"href":"https:\/\/tvc16.com\/portal\/wp-json\/wp\/v2\/comments?post=5151"}],"version-history":[{"count":1,"href":"https:\/\/tvc16.com\/portal\/wp-json\/wp\/v2\/posts\/5151\/revisions"}],"predecessor-version":[{"id":5153,"href":"https:\/\/tvc16.com\/portal\/wp-json\/wp\/v2\/posts\/5151\/revisions\/5153"}],"wp:featuredmedia":[{"embeddable":true,"href":"https:\/\/tvc16.com\/portal\/wp-json\/wp\/v2\/media\/5152"}],"wp:attachment":[{"href":"https:\/\/tvc16.com\/portal\/wp-json\/wp\/v2\/media?parent=5151"}],"wp:term":[{"taxonomy":"category","embeddable":true,"href":"https:\/\/tvc16.com\/portal\/wp-json\/wp\/v2\/categories?post=5151"},{"taxonomy":"post_tag","embeddable":true,"href":"https:\/\/tvc16.com\/portal\/wp-json\/wp\/v2\/tags?post=5151"}],"curies":[{"name":"wp","href":"https:\/\/api.w.org\/{rel}","templated":true}]}}