{"id":51513,"date":"2023-01-15T14:00:00","date_gmt":"2023-01-15T17:00:00","guid":{"rendered":"https:\/\/tvc16.com\/portal\/?p=51513"},"modified":"2023-01-14T21:58:44","modified_gmt":"2023-01-15T00:58:44","slug":"the-town-irmao-paulista-do-rock-in-rio-vai-abrir-venda-de-ingressos-em-marco","status":"publish","type":"post","link":"https:\/\/tvc16.com\/portal\/2023\/01\/15\/the-town-irmao-paulista-do-rock-in-rio-vai-abrir-venda-de-ingressos-em-marco\/","title":{"rendered":"The Town, irm\u00e3o paulista do Rock in Rio, vai abrir venda de ingressos em mar\u00e7o"},"content":{"rendered":"\n<p>O Irm\u00e3o mais novo e paulista do Rock in Rio, o The Town vai ter ingressos \u00e0 venda a partir da primeira semana de mar\u00e7o, informou o empres\u00e1rio Roberto Medina, seu criador, em entrevista \u00e0 imprensa paulista.<\/p>\n\n\n\n<p>O festival, que ainda n\u00e3o divulgou quais artistas vai escalar, al\u00e9m dos j\u00e1 anunciados Criolo, Foo Fighters, Iza e Ludmilla, acontece nos dias 2, 3, 7, 9 e 10 de setembro no Aut\u00f3dromo de Interlagos, na zona Sul de S\u00e3o Paulo, que tamb\u00e9m sedia o Lollapalooza.<\/p>\n\n\n\n<p>O espa\u00e7o passar\u00e1 por uma reforma financiada pela prefeitura e ter\u00e1 uma rede de esgoto que promete substituir os banheiros qu\u00edmicos, alvo de reclama\u00e7\u00e3o constante dos visitantes.<\/p>\n\n\n\n<p>As mudan\u00e7as tamb\u00e9m incluem a instala\u00e7\u00e3o de grama sint\u00e9tica sobre o espa\u00e7o, para que n\u00e3o haja lama caso chova, e a cria\u00e7\u00e3o de dutos subterr\u00e2neos para que os fios de eletricidade que mant\u00eam a opera\u00e7\u00e3o do festival n\u00e3o fiquem expostos sobre o ch\u00e3o.<\/p>\n","protected":false},"excerpt":{"rendered":"<p>O Irm\u00e3o mais novo e paulista do Rock in Rio, o The Town vai ter<\/p>\n","protected":false},"author":2,"featured_media":51514,"comment_status":"open","ping_status":"open","sticky":false,"template":"","format":"standard","meta":{"footnotes":""},"categories":[21,18,17,14,118],"tags":[],"class_list":["post-51513","post","type-post","status-publish","format-standard","has-post-thumbnail","hentry","category-cultura","category-economia","category-outras-noticias","category-pais","category-programacao"],"_links":{"self":[{"href":"https:\/\/tvc16.com\/portal\/wp-json\/wp\/v2\/posts\/51513","targetHints":{"allow":["GET"]}}],"collection":[{"href":"https:\/\/tvc16.com\/portal\/wp-json\/wp\/v2\/posts"}],"about":[{"href":"https:\/\/tvc16.com\/portal\/wp-json\/wp\/v2\/types\/post"}],"author":[{"embeddable":true,"href":"https:\/\/tvc16.com\/portal\/wp-json\/wp\/v2\/users\/2"}],"replies":[{"embeddable":true,"href":"https:\/\/tvc16.com\/portal\/wp-json\/wp\/v2\/comments?post=51513"}],"version-history":[{"count":1,"href":"https:\/\/tvc16.com\/portal\/wp-json\/wp\/v2\/posts\/51513\/revisions"}],"predecessor-version":[{"id":51515,"href":"https:\/\/tvc16.com\/portal\/wp-json\/wp\/v2\/posts\/51513\/revisions\/51515"}],"wp:featuredmedia":[{"embeddable":true,"href":"https:\/\/tvc16.com\/portal\/wp-json\/wp\/v2\/media\/51514"}],"wp:attachment":[{"href":"https:\/\/tvc16.com\/portal\/wp-json\/wp\/v2\/media?parent=51513"}],"wp:term":[{"taxonomy":"category","embeddable":true,"href":"https:\/\/tvc16.com\/portal\/wp-json\/wp\/v2\/categories?post=51513"},{"taxonomy":"post_tag","embeddable":true,"href":"https:\/\/tvc16.com\/portal\/wp-json\/wp\/v2\/tags?post=51513"}],"curies":[{"name":"wp","href":"https:\/\/api.w.org\/{rel}","templated":true}]}}