{"id":51516,"date":"2023-01-15T15:00:00","date_gmt":"2023-01-15T18:00:00","guid":{"rendered":"https:\/\/tvc16.com\/portal\/?p=51516"},"modified":"2023-01-14T22:12:44","modified_gmt":"2023-01-15T01:12:44","slug":"furnas-abre-comportas-de-usinas-pela-1a-vez-em-11-anos-para-controlar-cheia","status":"publish","type":"post","link":"https:\/\/tvc16.com\/portal\/2023\/01\/15\/furnas-abre-comportas-de-usinas-pela-1a-vez-em-11-anos-para-controlar-cheia\/","title":{"rendered":"Furnas abre comportas de usinas pela 1\u00aa vez em 11 anos para controlar cheia"},"content":{"rendered":"\n<p>Pela primeira vez ap\u00f3s 11 anos, as comportas da Usina de Furnas s\u00e3o abertas de forma conjunta para o controle de cheias. A abertura das comportas dos vertedouros de cinco usinas hidrel\u00e9tricas localizadas no rio Grande, que banha munic\u00edpios de Minas Gerais e S\u00e3o Paulo, foi determinada pelo ONS (Operador Nacional do Sistema El\u00e9trico) em raz\u00e3o das fortes chuvas ocorridas nos \u00faltimos dias na bacia do rio.<br>Quatro usinas tiveram a abertura dos vertedouros na sexta: Furnas, Mascarenhas de Moraes, Luiz Carlos Barreto de Carvalho e Marimbondo. J\u00e1 a hidrel\u00e9trica de Porto Col\u00f4mbia est\u00e1 com o vertedouro aberto desde segunda (9).<br>Em nota, a companhia afirmou que haver\u00e1 aumento do n\u00edvel da \u00e1gua a jusante (ap\u00f3s a barragem) das respectivas usinas. Tamb\u00e9m disse que acionou autoridades locais para ado\u00e7\u00e3o de medidas de seguran\u00e7a.<br>&#8220;A Eletrobras Furnas cumpre estritamente as determina\u00e7\u00f5es dos \u00f3rg\u00e3os reguladores na opera\u00e7\u00e3o dos empreendimentos hidrel\u00e9tricos sob sua concess\u00e3o&#8221;, afirmou a empresa.<br>&#8220;Os n\u00edveis dos reservat\u00f3rios e a energia despachada s\u00e3o programados pelo ONS, respons\u00e1vel por operar o conjunto de reservat\u00f3rios brasileiros de forma integrada, com o objetivo de garantir a seguran\u00e7a energ\u00e9tica&#8221;, completou.<br>Em uma usina hidrel\u00e9trica, a abertura do vertedouro busca permitir a sa\u00edda da \u00e1gua quando os n\u00edveis do reservat\u00f3rio ultrapassam os limites recomendados. A estrutura ajuda a evitar enchentes em per\u00edodos de chuva.<br>Na usina de Furnas, o reservat\u00f3rio de Furnas estava com um volume \u00fatil de 86,53% na sexta, o maior n\u00edvel das cinco hidrel\u00e9tricas.<\/p>\n\n\n\n<p>Eduardo Vieceli &#8211; FolhaPress<\/p>\n","protected":false},"excerpt":{"rendered":"<p>Pela primeira vez ap\u00f3s 11 anos, as comportas da Usina de Furnas s\u00e3o abertas de<\/p>\n","protected":false},"author":2,"featured_media":51517,"comment_status":"open","ping_status":"open","sticky":false,"template":"","format":"standard","meta":{"footnotes":""},"categories":[18,17,14],"tags":[],"class_list":["post-51516","post","type-post","status-publish","format-standard","has-post-thumbnail","hentry","category-economia","category-outras-noticias","category-pais"],"_links":{"self":[{"href":"https:\/\/tvc16.com\/portal\/wp-json\/wp\/v2\/posts\/51516","targetHints":{"allow":["GET"]}}],"collection":[{"href":"https:\/\/tvc16.com\/portal\/wp-json\/wp\/v2\/posts"}],"about":[{"href":"https:\/\/tvc16.com\/portal\/wp-json\/wp\/v2\/types\/post"}],"author":[{"embeddable":true,"href":"https:\/\/tvc16.com\/portal\/wp-json\/wp\/v2\/users\/2"}],"replies":[{"embeddable":true,"href":"https:\/\/tvc16.com\/portal\/wp-json\/wp\/v2\/comments?post=51516"}],"version-history":[{"count":2,"href":"https:\/\/tvc16.com\/portal\/wp-json\/wp\/v2\/posts\/51516\/revisions"}],"predecessor-version":[{"id":51519,"href":"https:\/\/tvc16.com\/portal\/wp-json\/wp\/v2\/posts\/51516\/revisions\/51519"}],"wp:featuredmedia":[{"embeddable":true,"href":"https:\/\/tvc16.com\/portal\/wp-json\/wp\/v2\/media\/51517"}],"wp:attachment":[{"href":"https:\/\/tvc16.com\/portal\/wp-json\/wp\/v2\/media?parent=51516"}],"wp:term":[{"taxonomy":"category","embeddable":true,"href":"https:\/\/tvc16.com\/portal\/wp-json\/wp\/v2\/categories?post=51516"},{"taxonomy":"post_tag","embeddable":true,"href":"https:\/\/tvc16.com\/portal\/wp-json\/wp\/v2\/tags?post=51516"}],"curies":[{"name":"wp","href":"https:\/\/api.w.org\/{rel}","templated":true}]}}