{"id":51520,"date":"2023-01-15T17:00:00","date_gmt":"2023-01-15T20:00:00","guid":{"rendered":"https:\/\/tvc16.com\/portal\/?p=51520"},"modified":"2023-01-15T11:39:41","modified_gmt":"2023-01-15T14:39:41","slug":"espetaculo-contando-e-recontando-contos-vence-edital-da-secretaria-de-estado-de-cultura","status":"publish","type":"post","link":"https:\/\/tvc16.com\/portal\/2023\/01\/15\/espetaculo-contando-e-recontando-contos-vence-edital-da-secretaria-de-estado-de-cultura\/","title":{"rendered":"Espet\u00e1culo \u2018Contando e Recontando Contos\u2019 vence edital da Secretaria de Estado de Cultura"},"content":{"rendered":"\n<p><em>Pe\u00e7a ser\u00e1 apresentada em cinco datas de janeiro, nas cidades de Nova Igua\u00e7u, Mesquita e Itagua\u00ed<\/em><\/p>\n\n\n\n<p>A Secretaria de Estado de Cultura e Economia Criativa (SECEC-RJ), apresenta o espet\u00e1culo infantil \u2018Contando e Recontando Contos\u2019, premiado com o edital Retomada Cultural 2. Com um hist\u00f3rico de seis anos, a pe\u00e7a super premiada ser\u00e1 encenada gratuitamente de 18 a 27 de janeiro, em cinco apresenta\u00e7\u00f5es, nas cidades de Nova Igua\u00e7u, Mesquita Itagua\u00ed, pela Cia Villelarte Produ\u00e7\u00f5es, com censura livre.<br>Ela conta a hist\u00f3ria de uma companhia de teatro que, buscando novas formas de atingir o p\u00fablico, recria os cl\u00e1ssicos da literatura universal, como Chapeuzinho Vermelho, Cinderela, Cachinhos Dourados e Tr\u00eas Porquinhos. Mas tudo com um toque leve, c\u00f4mico e aberto a novas possibilidades. Os ingressos ser\u00e3o distribu\u00eddos uma hora antes do in\u00edcio da sess\u00e3o.<br>\u201cQueremos fazer uma grande homenagem ao teatro em sua ess\u00eancia. O trabalho apurado do artista se faz necess\u00e1rio, numa troca de conhecimentos e viv\u00eancias entre todos os atores em cena\u201d, afirma o diretor e ator do espet\u00e1culo, Felipe Villela, acrescentando que um dos objetivos da Cia \u00e9, por interm\u00e9dio deste espet\u00e1culo infantil, democratizar o acesso \u00e0 cultura.<br>Os artistas pretendem tamb\u00e9m ampliar e descentralizar as artes c\u00eanicas com as apresenta\u00e7\u00f5es nas cidades visitadas. H\u00e1 ainda o incentivo \u00e0 forma\u00e7\u00e3o de plateia infantil, fomento \u00e0 cultura e movimenta\u00e7\u00e3o da economia criativa local. Com encena\u00e7\u00f5es leves e c\u00f4micas, eles querem promover o resgate da literatura universal, incentivar a leitura e entreter o p\u00fablico infantil.<br>Sobre a Cia<br>A Villelarte Produ\u00e7\u00f5es surgiu da necessidade de se fomentar a arte em Nova Igua\u00e7u e auxiliar no processo de forma\u00e7\u00e3o da educa\u00e7\u00e3o de crian\u00e7as e jovens, por meio de oficinas teatrais, passando por produ\u00e7\u00f5es de projetos art\u00edstico-pedag\u00f3gicos at\u00e9 apresenta\u00e7\u00f5es de espet\u00e1culos teatrais. Ela \u00e9 gerida por Felipe Villela e Lili Pardini.<br>O primeiro espet\u00e1culo da Cia. Villelarte foi uma montagem original do infantil \u2018Alice e Dorothy: Al\u00e9m do Arco-\u00edris\u2019. Em novembro de 2018, o grupo apresentou o espet\u00e1culo infantil \u2018Contando e recontando Contos\u2019, com dramaturgia e dire\u00e7\u00e3o de Felipe Villela, fazendo sua estreia no XVII Encontrarte.<br>Em 2021, encenou o espet\u00e1culo \u2018O Quarto dos Brinquedos\u2019 que estreou no Teatro C\u00e2ndido Mendes em Ipanema. A Cia Villelarte Produ\u00e7\u00f5es ainda tem no portf\u00f3lio dois espet\u00e1culos adultos \u2013 \u2018Esqueletos no arm\u00e1rio\u2019 e \u2018Cegos\u2019, ambos premiados em festivais no Estado.<\/p>\n\n\n\n<p>Premia\u00e7\u00f5es em festivais<\/p>\n\n\n\n<p>O espet\u00e1culo participou do 22\u00b0 Festival de Teatro Infantil do Tijuca T\u00eanis Clube e recebeu indica\u00e7\u00f5es de cen\u00e1rio, ilumina\u00e7\u00e3o, dire\u00e7\u00e3o, atriz, ator e espet\u00e1culo. Venceu nas categorias atriz (Carolina Ferreira), dire\u00e7\u00e3o (Felipe Villela) e melhor espet\u00e1culo da competi\u00e7\u00e3o.<br>No 16\u00b0 Festival Nacional de Teatro de Duque de Caxias, foi indicada como melhor maquiagem, figurino, cenografia, ilumina\u00e7\u00e3o, ator coadjuvante, atriz coadjuvante, dire\u00e7\u00e3o e melhor espet\u00e1culo infantil. Conquistou os pr\u00eamios de maquiagem (Fl\u00e1via Rob), cenografia, ator coadjuvante (Felipe Villela), atriz coadjuvante (Carolina Ferreira), dire\u00e7\u00e3o (Felipe Villela) e melhor espet\u00e1culo do festival.<br>3\u00ba Festar &#8211; Festival de Teatro de Araruama &#8211; recebeu indica\u00e7\u00f5es de figurino, dire\u00e7\u00e3o, ator e atriz (dupla indica\u00e7\u00e3o para as atrizes Lili Pardini e Carolina Ferreira) e espet\u00e1culo geral. Ganhou nas categorias ator (Felipe Villela), atriz (dupla premia\u00e7\u00e3o) e melhor espet\u00e1culo geral.<br>Espet\u00e1culo vencedor do FEMARTIN \u2013 Festival de M\u00faltiplas Artes Infantis de 2021.<\/p>\n\n\n\n<p>Ficha T\u00e9cnica:<br>Dramaturgia e dire\u00e7\u00e3o &#8211; Felipe Villela<br>Figurinos e cenografia &#8211; Lili Pardini<br>Maquiagem &#8211; Fl\u00e1via Rob<br>Ilumina\u00e7\u00e3o &#8211; Adriano Souza<br>Operador de som &#8211; Fernanda Cunha<br>Elenco &#8211; Felipe Villela; Libny Marques; Lucas Cruz; Carolina Ferreira; Lili Pardini; Fl\u00e1vio Alvarenga.<\/p>\n\n\n\n<p>SERVI\u00c7O:<br>DIA: 18\/01\/23 (quarta-feira) \u2013 15h<br>Centro Comunit\u00e1rio S\u00e3o Sebasti\u00e3o de Vila de Cava \u2013 Nova Igua\u00e7u<br>Av. Paranapiacaba, 129 &#8211; Rancho Fundo &#8211; 50 lugares<\/p>\n\n\n\n<p>DIA 19\/01\/23 (quinta-feira) \u2013 15h<br>Pracinha da Cultura &#8211; Itagua\u00ed<br>Estrada Decio Muniz da Silva Filho, Chapero, Gleba B &#8211; Sem n\u00famero &#8211; Pra\u00e7a Ceus, em frente ao condom\u00ednio Safira. &#8211; capacidade: 70 lugares<\/p>\n\n\n\n<p>DIA: 22\/01\/23 (domingo) \u2013 11h<br>Pra\u00e7a C\u00e9u Jardim Para\u00edso \u2013 Nova Igua\u00e7u<br>Rua Arco-\u00edris , s\/n &#8211; Jardim Para\u00edso. (Em frente a CIEP da Piscina) &#8211; capacidade: 120 pessoas<\/p>\n\n\n\n<p>Dia 23\/ 01\/23 (segunda)- 19h<br>Pra\u00e7a PEC \u2013 Mesquita<br>Rua Ces\u00e1rio 659, Santo Elias &#8211; capacidade: 50 pessoas<\/p>\n\n\n\n<p>DIA:27\/01\/23 (sexta-feira) \u2013 15h<br>Associa\u00e7\u00e3o Comit\u00ea Ponto Chic \u2013 Nova Igua\u00e7u<br>Rua Pedro Cunha, 307 &#8211; Ponto Chic &#8211; capacidade: 50 pessoas<\/p>\n","protected":false},"excerpt":{"rendered":"<p>Pe\u00e7a ser\u00e1 apresentada em cinco datas de janeiro, nas cidades de Nova Igua\u00e7u, Mesquita e<\/p>\n","protected":false},"author":2,"featured_media":51521,"comment_status":"open","ping_status":"open","sticky":false,"template":"","format":"standard","meta":{"footnotes":""},"categories":[21,264,17],"tags":[],"class_list":["post-51520","post","type-post","status-publish","format-standard","has-post-thumbnail","hentry","category-cultura","category-destaque","category-outras-noticias"],"_links":{"self":[{"href":"https:\/\/tvc16.com\/portal\/wp-json\/wp\/v2\/posts\/51520","targetHints":{"allow":["GET"]}}],"collection":[{"href":"https:\/\/tvc16.com\/portal\/wp-json\/wp\/v2\/posts"}],"about":[{"href":"https:\/\/tvc16.com\/portal\/wp-json\/wp\/v2\/types\/post"}],"author":[{"embeddable":true,"href":"https:\/\/tvc16.com\/portal\/wp-json\/wp\/v2\/users\/2"}],"replies":[{"embeddable":true,"href":"https:\/\/tvc16.com\/portal\/wp-json\/wp\/v2\/comments?post=51520"}],"version-history":[{"count":1,"href":"https:\/\/tvc16.com\/portal\/wp-json\/wp\/v2\/posts\/51520\/revisions"}],"predecessor-version":[{"id":51522,"href":"https:\/\/tvc16.com\/portal\/wp-json\/wp\/v2\/posts\/51520\/revisions\/51522"}],"wp:featuredmedia":[{"embeddable":true,"href":"https:\/\/tvc16.com\/portal\/wp-json\/wp\/v2\/media\/51521"}],"wp:attachment":[{"href":"https:\/\/tvc16.com\/portal\/wp-json\/wp\/v2\/media?parent=51520"}],"wp:term":[{"taxonomy":"category","embeddable":true,"href":"https:\/\/tvc16.com\/portal\/wp-json\/wp\/v2\/categories?post=51520"},{"taxonomy":"post_tag","embeddable":true,"href":"https:\/\/tvc16.com\/portal\/wp-json\/wp\/v2\/tags?post=51520"}],"curies":[{"name":"wp","href":"https:\/\/api.w.org\/{rel}","templated":true}]}}