{"id":51527,"date":"2023-01-15T06:00:00","date_gmt":"2023-01-15T09:00:00","guid":{"rendered":"https:\/\/tvc16.com\/portal\/?p=51527"},"modified":"2023-01-15T14:36:02","modified_gmt":"2023-01-15T17:36:02","slug":"governador-viaja-para-nova-iorque-em-busca-de-investimentos-para-o-rio-de-janeiro","status":"publish","type":"post","link":"https:\/\/tvc16.com\/portal\/2023\/01\/15\/governador-viaja-para-nova-iorque-em-busca-de-investimentos-para-o-rio-de-janeiro\/","title":{"rendered":"<strong>Governador viaja para Nova Iorque em busca de investimentos para o Rio de Janeiro<\/strong>"},"content":{"rendered":"\n<p>O governador Cl\u00e1udio Castro d\u00e1 in\u00edcio nesta semana a uma s\u00e9rie de agendas oficiais em Nova Iorque, nos Estados Unidos, a fim de atrair investimentos para o Estado do Rio de Janeiro. Castro fechar\u00e1 parceria com a Nasdaq e a Global Environmental Asset Platform (Geap) para a cria\u00e7\u00e3o de plataforma de negocia\u00e7\u00e3o de cr\u00e9ditos de carbono e participar\u00e1 de reuni\u00f5es com empres\u00e1rios de diferentes setores.<\/p>\n\n\n\n<p>&#8211; O Rio de Janeiro est\u00e1 em pleno crescimento. Com as pol\u00edticas p\u00fablicas que temos implementado h\u00e1 dois anos, atra\u00edmos grandes empresas nacionais e internacionais. Algumas s\u00e3o refer\u00eancias no mundo, como a Amazon, a mexicana Kavak, a indiana EPL, a japonesa Nissan, entre outras. Est\u00e1 previsto um incremento para os pr\u00f3ximos quatro anos, e a miss\u00e3o governamental em Nova Iorque \u00e9 fundamental para garantir a chegada de outras grandes empresas e a gera\u00e7\u00e3o de renda e emprego para a popula\u00e7\u00e3o &#8211; ressaltou Cl\u00e1udio Castro.<\/p>\n\n\n\n<p>Na segunda-feira, dia 16, o governador e a comitiva do Governo do Estado participam da National Retail Fair, maior feira de varejo do mundo, e de um encontro com mais de 40 empresas e sindicatos associados \u00e0 Fecom\u00e9rcio-RJ.<\/p>\n\n\n\n<p>Na ter\u00e7a-feira, Castro assina o Memorando de Entendimento com a Nasdaq e a Geap para formalizar a cria\u00e7\u00e3o da plataforma de ativos ambientais, que ser\u00e1 apresentada tamb\u00e9m para a C\u00e2mara de Com\u00e9rcio Brasil \u2013 Estados Unidos. No dia seguinte, a comitiva encontra potenciais investidores no Council of the Americas, conselho que promove o livre com\u00e9rcio e mercados abertos nas Am\u00e9ricas.<\/p>\n\n\n\n<p>J\u00e1 na quinta-feira, a miss\u00e3o governamental apresentar\u00e1 oportunidades de neg\u00f3cios no Estado do Rio para a XP Investimentos, que reunir\u00e1 empres\u00e1rios de v\u00e1rios setores da economia. No mesmo dia, o governador discute com a Pnuma\/Unep (Programa das Na\u00e7\u00f5es Unidas para o Meio Ambiente) temas como cidades resilientes, mudan\u00e7as clim\u00e1ticas e Rio 2030. No \u00faltimo dia, na sexta-feira, Cl\u00e1udio Castro abrir\u00e1 um evento realizado pela Fecom\u00e9rcio, no contexto de sua participa\u00e7\u00e3o na Retail\u2019s Big Show.<\/p>\n\n\n\n<p><strong>Agendas em Nova Iorque \u2013 Hor\u00e1rio local<\/strong><\/p>\n\n\n\n<p><strong>Segunda-feira (16\/01)<\/strong><\/p>\n\n\n\n<p>15h \u2013 National Retail Fair, maior feira de varejo do mundo<\/p>\n\n\n\n<p>19h \u2013 Encontro com empres\u00e1rios associados \u00e0 Fecom\u00e9rcio-RJ<\/p>\n\n\n\n<p><strong>Ter\u00e7a-feira (17\/01)<\/strong><\/p>\n\n\n\n<p>10h \u2013 Assinatura de Memorando de Entendimento com a Nasdaq e a Geap<\/p>\n\n\n\n<p>12h \u2013 Apresenta\u00e7\u00e3o da plataforma de ativos ambientais na C\u00e2mara de Com\u00e9rcio Brasil &#8211; Estados Unidos<\/p>\n\n\n\n<p><strong>Quarta-feira (18\/01)<\/strong><\/p>\n\n\n\n<p>12h \u2013 Encontro com potenciais investidores no Council of the Americas<\/p>\n\n\n\n<p><strong>Quinta-feira (19\/01)<\/strong><\/p>\n\n\n\n<p>10h \u2013 Apresenta\u00e7\u00e3o de oportunidades de neg\u00f3cios para a XP Investimentos<\/p>\n\n\n\n<p>15h \u2013 Reuni\u00e3o com o Pnuma\/Unep (Programa das Na\u00e7\u00f5es Unidas para o Meio Ambiente)<\/p>\n\n\n\n<p><strong>Sexta-feira (20\/01)<\/strong><\/p>\n\n\n\n<p>10h \u2013 Abertura do evento realizado pela Fecom\u00e9rcio no contexto de sua participa\u00e7\u00e3o na Retail\u2019s Big Show<\/p>\n","protected":false},"excerpt":{"rendered":"<p>O governador Cl\u00e1udio Castro d\u00e1 in\u00edcio nesta semana a uma s\u00e9rie de agendas oficiais em<\/p>\n","protected":false},"author":2,"featured_media":51528,"comment_status":"open","ping_status":"open","sticky":false,"template":"","format":"standard","meta":{"footnotes":""},"categories":[264,17,15],"tags":[],"class_list":["post-51527","post","type-post","status-publish","format-standard","has-post-thumbnail","hentry","category-destaque","category-outras-noticias","category-politica"],"_links":{"self":[{"href":"https:\/\/tvc16.com\/portal\/wp-json\/wp\/v2\/posts\/51527","targetHints":{"allow":["GET"]}}],"collection":[{"href":"https:\/\/tvc16.com\/portal\/wp-json\/wp\/v2\/posts"}],"about":[{"href":"https:\/\/tvc16.com\/portal\/wp-json\/wp\/v2\/types\/post"}],"author":[{"embeddable":true,"href":"https:\/\/tvc16.com\/portal\/wp-json\/wp\/v2\/users\/2"}],"replies":[{"embeddable":true,"href":"https:\/\/tvc16.com\/portal\/wp-json\/wp\/v2\/comments?post=51527"}],"version-history":[{"count":1,"href":"https:\/\/tvc16.com\/portal\/wp-json\/wp\/v2\/posts\/51527\/revisions"}],"predecessor-version":[{"id":51529,"href":"https:\/\/tvc16.com\/portal\/wp-json\/wp\/v2\/posts\/51527\/revisions\/51529"}],"wp:featuredmedia":[{"embeddable":true,"href":"https:\/\/tvc16.com\/portal\/wp-json\/wp\/v2\/media\/51528"}],"wp:attachment":[{"href":"https:\/\/tvc16.com\/portal\/wp-json\/wp\/v2\/media?parent=51527"}],"wp:term":[{"taxonomy":"category","embeddable":true,"href":"https:\/\/tvc16.com\/portal\/wp-json\/wp\/v2\/categories?post=51527"},{"taxonomy":"post_tag","embeddable":true,"href":"https:\/\/tvc16.com\/portal\/wp-json\/wp\/v2\/tags?post=51527"}],"curies":[{"name":"wp","href":"https:\/\/api.w.org\/{rel}","templated":true}]}}