{"id":51530,"date":"2023-01-15T19:00:00","date_gmt":"2023-01-15T22:00:00","guid":{"rendered":"https:\/\/tvc16.com\/portal\/?p=51530"},"modified":"2023-01-15T14:39:43","modified_gmt":"2023-01-15T17:39:43","slug":"safra-de-graos-do-sul-do-brasil-pode-ser-afetada-por-fenomeno-la-nina","status":"publish","type":"post","link":"https:\/\/tvc16.com\/portal\/2023\/01\/15\/safra-de-graos-do-sul-do-brasil-pode-ser-afetada-por-fenomeno-la-nina\/","title":{"rendered":"Safra de gr\u00e3os do Sul do Brasil pode ser afetada por fen\u00f4meno La Ni\u00f1a"},"content":{"rendered":"\n<p>Por tr\u00e1s do nome singelo, um fen\u00f4meno clim\u00e1tico representa contratempos para a economia e a agricultura de v\u00e1rios pa\u00edses. Caracterizado pelo resfriamento anormal das \u00e1guas do Oceano Pac\u00edfico, o La Ni\u00f1a deve se estender por mais tempo em 2023, embora com menor for\u00e7a, apontam especialistas. De acordo com o boletim da Administra\u00e7\u00e3o Nacional de Oceanos e Atmosfera, o NOAA, \u00f3rg\u00e3o de servi\u00e7os de meteorologia dos Estados Unidos, a maior probabilidade \u00e9 de que o Pac\u00edfico volte \u00e0 normalidade apenas em meados do ver\u00e3o.&nbsp;<\/p>\n\n\n\n<p>Diante disso, o m\u00eas de janeiro deve ser marcado por estiagem no Sul do Brasil, com chuvas um pouco acima da m\u00e9dia no Norte e no Nordeste. \u201cO L\u00e3 Ni\u00f1a \u00e9 um fen\u00f4meno oce\u00e2nico que se caracteriza, principalmente, pelo resfriamento an\u00f4malo e persistente, ao longo de meses, nas \u00e1guas das superf\u00edcies do Oceano Pac\u00edfico Equatorial\u201d, explica o meteorologista do Instituto Nacional de Meteorologia, Mozar Salvador. \u201cNo Brasil, os efeitos s\u00e3o sentidos principalmente no Sul do pa\u00eds, com chuvas irregulares, \u00e0s vezes com ocorr\u00eancia de veranico ou at\u00e9 mesmo seca. Enquanto que em boa parte das regi\u00f5es Norte e Nordeste podem sofrer com excesso de chuva ou chuvas mais frequentes\u201d, detalha o especialista. &nbsp;<\/p>\n\n\n\n<p>Ainda de acordo com o Inmet, no momento, o atual L\u00e1 Ni\u00f1a est\u00e1 numa fase de processo de enfraquecimento. \u00c9 o que explica Salvador. &#8220;Isso significa que as \u00e1guas j\u00e1 n\u00e3o est\u00e3o mais t\u00e3o frias, come\u00e7am a se aquecer e se desloca agora para uma fase que chamamos de neutralidade, que deve persistir durante alguns meses&#8221;, esclarece.<\/p>\n\n\n\n<h2 class=\"wp-block-heading\">Impacto nas safras<\/h2>\n\n\n\n<p>Por conta do rastro deixado pelo fen\u00f4meno La Ni\u00f1a, contudo, as chuvas t\u00eam se concentrado na regi\u00e3o Centro-Norte do Brasil, em estados como Mato Grosso, Minas Gerais, Goi\u00e1s e parte do Nordeste e Norte do pa\u00eds. J\u00e1 na regi\u00e3o Sul, sobretudo no Rio Grande do Sul, e nos pa\u00edses vizinhos como Uruguai e Argentina, o efeito \u00e9 contr\u00e1rio. A falta de \u00e1gua tem afetado drasticamente a produ\u00e7\u00e3o de gr\u00e3os como arroz, milho e soja. Na Argentina, a perda foi na ordem de 37 milh\u00f5es de toneladas, o que corresponde a 25% da safra local. \u00c9 o que conta o consultor de mercado, Evandro Oliveira.<\/p>\n\n\n\n<p>&#8220;Na Argentina, a primeira safra de soja, que come\u00e7ou entre os meses de novembro e dezembro, foi muito afetada pela falta de chuva, e a segunda safra de soja do pa\u00eds j\u00e1 tendo reporte de atrasos por conta dos solos secos, por conta da umidade do solo&#8221;, descreve o especialista. &#8220;Muita preocupa\u00e7\u00e3o com a safra de arroz, por\u00e9m boas chuvas s\u00e3o esperadas neste final de semana, inclusive no Rio Grande do Sul, e tudo indica que isso d\u00ea um f\u00f4lego para a cultura desses lugares e evite perdas mais significativas&#8221;, prev\u00ea.&nbsp;<\/p>\n\n\n\n<p>Em rela\u00e7\u00e3o ao caf\u00e9, observa o especialista, estima-se uma queda na produ\u00e7\u00e3o de aproximadamente 12% no Brasil.&nbsp;<\/p>\n\n\n\n<p>Lucio Flavio &#8211; Ag\u00eancia Brasil<\/p>\n","protected":false},"excerpt":{"rendered":"<p>Por tr\u00e1s do nome singelo, um fen\u00f4meno clim\u00e1tico representa contratempos para a economia e a<\/p>\n","protected":false},"author":2,"featured_media":51531,"comment_status":"open","ping_status":"open","sticky":false,"template":"","format":"standard","meta":{"footnotes":""},"categories":[18,17,14,15],"tags":[],"class_list":["post-51530","post","type-post","status-publish","format-standard","has-post-thumbnail","hentry","category-economia","category-outras-noticias","category-pais","category-politica"],"_links":{"self":[{"href":"https:\/\/tvc16.com\/portal\/wp-json\/wp\/v2\/posts\/51530","targetHints":{"allow":["GET"]}}],"collection":[{"href":"https:\/\/tvc16.com\/portal\/wp-json\/wp\/v2\/posts"}],"about":[{"href":"https:\/\/tvc16.com\/portal\/wp-json\/wp\/v2\/types\/post"}],"author":[{"embeddable":true,"href":"https:\/\/tvc16.com\/portal\/wp-json\/wp\/v2\/users\/2"}],"replies":[{"embeddable":true,"href":"https:\/\/tvc16.com\/portal\/wp-json\/wp\/v2\/comments?post=51530"}],"version-history":[{"count":1,"href":"https:\/\/tvc16.com\/portal\/wp-json\/wp\/v2\/posts\/51530\/revisions"}],"predecessor-version":[{"id":51532,"href":"https:\/\/tvc16.com\/portal\/wp-json\/wp\/v2\/posts\/51530\/revisions\/51532"}],"wp:featuredmedia":[{"embeddable":true,"href":"https:\/\/tvc16.com\/portal\/wp-json\/wp\/v2\/media\/51531"}],"wp:attachment":[{"href":"https:\/\/tvc16.com\/portal\/wp-json\/wp\/v2\/media?parent=51530"}],"wp:term":[{"taxonomy":"category","embeddable":true,"href":"https:\/\/tvc16.com\/portal\/wp-json\/wp\/v2\/categories?post=51530"},{"taxonomy":"post_tag","embeddable":true,"href":"https:\/\/tvc16.com\/portal\/wp-json\/wp\/v2\/tags?post=51530"}],"curies":[{"name":"wp","href":"https:\/\/api.w.org\/{rel}","templated":true}]}}