{"id":51533,"date":"2023-01-16T09:00:00","date_gmt":"2023-01-16T12:00:00","guid":{"rendered":"https:\/\/tvc16.com\/portal\/?p=51533"},"modified":"2023-01-15T14:43:15","modified_gmt":"2023-01-15T17:43:15","slug":"indice-da-construcao-civil-registra-menor-indice-de-2022-em-dezembro-segundo-ibge","status":"publish","type":"post","link":"https:\/\/tvc16.com\/portal\/2023\/01\/16\/indice-da-construcao-civil-registra-menor-indice-de-2022-em-dezembro-segundo-ibge\/","title":{"rendered":"\u00cdndice da Constru\u00e7\u00e3o Civil registra menor \u00edndice de 2022 em dezembro, segundo IBGE"},"content":{"rendered":"\n<p>O \u00cdndice Nacional da Constru\u00e7\u00e3o Civil, divulgado na \u00faltima semana, aponta um aumento de 0,08% em dezembro. O levantamento, feito pelo Instituto Brasileiro de Geografia e Estat\u00edstica (IBGE), registrou uma queda de 0,07 ponto percentual em rela\u00e7\u00e3o ao m\u00eas anterior (0,15%), sendo o menor \u00edndice de 2022. No acumulado do ano, o \u00edndice ficou em 10,90%, o que tamb\u00e9m registra uma queda de 7,75 pontos percentuais quando comparado a 2021 (18,65%).<\/p>\n\n\n\n<p>O custo nacional da constru\u00e7\u00e3o por metro quadrado, em dezembro, ficou em R$ 1.679,25, sendo R$ 1.001,20 para os materiais e R$ 678,05 para a m\u00e3o de obra. Em novembro, esse valor havia sido de R$ 1.677,96.<\/p>\n\n\n\n<p>Para o economista e pesquisador da Universidade Estadual de Campinas (Unicamp) Felipe Queiroz, essa queda, em parte, se deve \u00e0 inje\u00e7\u00e3o monet\u00e1ria feita no ano passado, com o cr\u00e9dito consignado para fam\u00edlias de baixa renda, que recebem o Aux\u00edlio Brasil, atual Bolsa Fam\u00edlia. O economista analisa que essa prosperidade se mostrou moment\u00e2nea e isso reflete em v\u00e1rios setores da economia, inclusive no \u00edndice da constru\u00e7\u00e3o civil.<\/p>\n\n\n\n<p>\u201cIsso ampliou o gasto de curt\u00edssimo prazo porque, num segundo momento, al\u00e9m de n\u00e3o ter mais aquela quantia de dinheiro, o que recebia dos aux\u00edlios ainda diminuiu muito mais, porque passavam a pagar as parcelas do cr\u00e9dito consignado \u00e0quelas fam\u00edlias que o fizeram\u201d, analisa o economista.<\/p>\n\n\n\n<p>Outro fator apontado por Felipe Queiroz \u00e9 o controle da infla\u00e7\u00e3o, que se mostrou ineficaz, e isso est\u00e1 refletindo em outros \u00edndices, al\u00e9m da constru\u00e7\u00e3o civil, como o com\u00e9rcio. Segundo o pesquisador da Unicamp, as medidas tomadas at\u00e9 o momento n\u00e3o foram suficientes para que o desempenho do setor se mantivesse est\u00e1vel ou apresentasse crescimento significativo.<\/p>\n\n\n\n<p>\u201cAs medidas tomadas n\u00e3o foram de est\u00edmulo consistente, robusto, de modo a influenciar positivamente o crescimento econ\u00f4mico. O que n\u00f3s observamos \u00e9 que essa desacelera\u00e7\u00e3o decorre, especialmente, de um ajuste que houve na economia.\u201d, pontua Felipe Queiroz.<\/p>\n\n\n\n<h2 class=\"wp-block-heading\">Materiais e m\u00e3o de obra<\/h2>\n\n\n\n<p>Segundo o levantamento do IBGE, a parcela dos materiais apresentou varia\u00e7\u00e3o de 0,07%, pr\u00f3xima \u00e0s varia\u00e7\u00f5es dos \u00faltimos dois meses, que foram de 0,01% em novembro e 0,04% em outubro. Em compara\u00e7\u00e3o com o \u00edndice de dezembro de 2021, houve uma queda de 0,69%.<\/p>\n\n\n\n<p>J\u00e1 a parcela da m\u00e3o de obra de 0,08% foi a menor taxa do ano. Nesse caso, houve uma queda de 0,27% em rela\u00e7\u00e3o ao m\u00eas anterior (0,35%). Quando comparada com dezembro de 2021, essa taxa subiu 0,10%.<\/p>\n\n\n\n<p>No acumulado do ano de 2022, houve uma varia\u00e7\u00e3o de 10,02% nos materiais. J\u00e1 o custo da m\u00e3o de obra chegou a 12,18%. No ano anterior, a parcela dos materiais chegou a 28,12% e a m\u00e3o de obra fechou em 6,78%.<\/p>\n\n\n\n<h2 class=\"wp-block-heading\">Desempenho Norte e Centro-Oeste<\/h2>\n\n\n\n<p>A regi\u00e3o Norte ficou com a maior varia\u00e7\u00e3o regional em dezembro, com 0,67%. Entre os seis dos setes estados da regi\u00e3o, destacam-se o Amazonas (1,08%) e o Amap\u00e1 (1,01%). O desempenho das demais regi\u00f5es, no mesmo per\u00edodo, foram Nordeste (-0,04%), Sudeste (-0,09%), Sul (0,32%) e Centro-Oeste (0,21%).<\/p>\n\n\n\n<p>No acumulado do ano, o Centro-Oeste teve o maior resultado (14,60%), seguido por Norte (12,70%), Sul (10,4%), Sudeste (10,33%) e Nordeste (10,02%).&nbsp;<\/p>\n\n\n\n<p>Na avalia\u00e7\u00e3o por estados, o Piau\u00ed teve a maior taxa em dezembro (2,64%) e Mato Grosso teve a maior taxa no acumulado do ano (20,52%), registrando tamb\u00e9m a maior taxa no acumulado da parcela dos materiais, com 22,39%.<\/p>\n\n\n\n<p>Ana Luisa Santos &#8211; Ag\u00eancia Brasil<\/p>\n","protected":false},"excerpt":{"rendered":"<p>O \u00cdndice Nacional da Constru\u00e7\u00e3o Civil, divulgado na \u00faltima semana, aponta um aumento de 0,08%<\/p>\n","protected":false},"author":2,"featured_media":51534,"comment_status":"open","ping_status":"open","sticky":false,"template":"","format":"standard","meta":{"footnotes":""},"categories":[18,17,14,15],"tags":[],"class_list":["post-51533","post","type-post","status-publish","format-standard","has-post-thumbnail","hentry","category-economia","category-outras-noticias","category-pais","category-politica"],"_links":{"self":[{"href":"https:\/\/tvc16.com\/portal\/wp-json\/wp\/v2\/posts\/51533","targetHints":{"allow":["GET"]}}],"collection":[{"href":"https:\/\/tvc16.com\/portal\/wp-json\/wp\/v2\/posts"}],"about":[{"href":"https:\/\/tvc16.com\/portal\/wp-json\/wp\/v2\/types\/post"}],"author":[{"embeddable":true,"href":"https:\/\/tvc16.com\/portal\/wp-json\/wp\/v2\/users\/2"}],"replies":[{"embeddable":true,"href":"https:\/\/tvc16.com\/portal\/wp-json\/wp\/v2\/comments?post=51533"}],"version-history":[{"count":1,"href":"https:\/\/tvc16.com\/portal\/wp-json\/wp\/v2\/posts\/51533\/revisions"}],"predecessor-version":[{"id":51535,"href":"https:\/\/tvc16.com\/portal\/wp-json\/wp\/v2\/posts\/51533\/revisions\/51535"}],"wp:featuredmedia":[{"embeddable":true,"href":"https:\/\/tvc16.com\/portal\/wp-json\/wp\/v2\/media\/51534"}],"wp:attachment":[{"href":"https:\/\/tvc16.com\/portal\/wp-json\/wp\/v2\/media?parent=51533"}],"wp:term":[{"taxonomy":"category","embeddable":true,"href":"https:\/\/tvc16.com\/portal\/wp-json\/wp\/v2\/categories?post=51533"},{"taxonomy":"post_tag","embeddable":true,"href":"https:\/\/tvc16.com\/portal\/wp-json\/wp\/v2\/tags?post=51533"}],"curies":[{"name":"wp","href":"https:\/\/api.w.org\/{rel}","templated":true}]}}