{"id":51536,"date":"2023-01-16T10:00:00","date_gmt":"2023-01-16T13:00:00","guid":{"rendered":"https:\/\/tvc16.com\/portal\/?p=51536"},"modified":"2023-01-15T14:46:31","modified_gmt":"2023-01-15T17:46:31","slug":"vendas-no-comercio-caem-06-em-novembro-aponta-ibge","status":"publish","type":"post","link":"https:\/\/tvc16.com\/portal\/2023\/01\/16\/vendas-no-comercio-caem-06-em-novembro-aponta-ibge\/","title":{"rendered":"Vendas no Com\u00e9rcio caem 0,6% em novembro, aponta IBGE"},"content":{"rendered":"\n<p>Dados divulgados pelo Instituto Brasileiro de Geografia e Estat\u00edstica (IBGE), divulgados na \u00faltima semana, revelam que as vendas do com\u00e9rcio varejista ca\u00edram 0,6% em novembro do ano passado. O resultado veio \u00a0ap\u00f3s uma sequ\u00eancia de alta por tr\u00eas meses consecutivos. Apesar de baixo, ainda trata-se de um n\u00famero positivo em rela\u00e7\u00e3o ao mesmo per\u00edodo de 2021.\u00a0<\/p>\n\n\n\n<p>No comparativo do IBGE entre as atividades pesquisadas, outubro e novembro obtiveram um resultado negativo. Apenas m\u00f3veis, rem\u00e9dios, perfumarias e eletrodom\u00e9sticos apresentaram uma pequena alta nas vendas.<\/p>\n\n\n\n<p>O economista Cesar Lima explica quais motivos podem ter contribu\u00eddo para o resultado. \u201cEntre os fatores que contribu\u00edram para essa queda de novembro, est\u00e1 a Black Friday que foi fraca, pelo endividamento das fam\u00edlias brasileiras, e tamb\u00e9m pelo aumento no pre\u00e7o dos combust\u00edveis\u201d, considera.&nbsp;<\/p>\n\n\n\n<h2 class=\"wp-block-heading\">Veja o comparativo:&nbsp;<\/h2>\n\n\n\n<ul class=\"wp-block-list\">\n<li>Combust\u00edveis e lubrificantes (- 5,4%)<\/li>\n\n\n\n<li>Equipamentos e material para escrit\u00f3rio, inform\u00e1tica e comunica\u00e7\u00e3o (- 3,4%)<\/li>\n\n\n\n<li>Livros, jornais, revistas e papelaria (- 2,7%)<\/li>\n\n\n\n<li>Outros artigos de uso pessoal e dom\u00e9stico (- 0,3%)<\/li>\n\n\n\n<li>Tecidos, vestu\u00e1rio e cal\u00e7ados (- 0,8%)<\/li>\n\n\n\n<li>Hiper, supermercados, produtos aliment\u00edcios, bebidas e fumo (- 0,2%)<\/li>\n\n\n\n<li>Artigos farmac\u00eauticos, m\u00e9dicos, ortop\u00e9dicos e de perfumaria (1,7%)<\/li>\n\n\n\n<li>M\u00f3veis e eletrodom\u00e9sticos (2,2%)<\/li>\n\n\n\n<li>Ve\u00edculos e motos, partes e pe\u00e7as (varejo ampliado) (0,4%)<\/li>\n\n\n\n<li>Material de constru\u00e7\u00e3o (varejo ampliado) (3,0%)<\/li>\n<\/ul>\n\n\n\n<p>Ainda segundo Lima, em 2023&nbsp;os varejistas devem enfrentar um cen\u00e1rio desafiador. \u201cOs motivos s\u00e3o os mesmos de 2022. Temos uma perspectiva de alta taxa de juros devido \u00e0 manuten\u00e7\u00e3o dos \u00edndices da Selic em um patamar elevado, o que dificulta o cr\u00e9dito. Al\u00e9m disso, o alto n\u00edvel de endividamento das fam\u00edlias faz com que elas pensem diversas vezes antes de contrair um empr\u00e9stimo. Da mesma forma, n\u00f3s temos acontecimentos externos que far\u00e3o com que as pessoas se intimidem na hora de realizar gastos\u201d, pontua.<\/p>\n\n\n\n<p>Dos 27 estados do pa\u00eds, 14 tiveram um desempenho negativo nas vendas de com\u00e9rcios varejistas.&nbsp;<\/p>\n\n\n\n<p>Daniela Gomes &#8211; Ag\u00eancia Brasil<\/p>\n","protected":false},"excerpt":{"rendered":"<p>Dados divulgados pelo Instituto Brasileiro de Geografia e Estat\u00edstica (IBGE), divulgados na \u00faltima semana, revelam<\/p>\n","protected":false},"author":2,"featured_media":51537,"comment_status":"open","ping_status":"open","sticky":false,"template":"","format":"standard","meta":{"footnotes":""},"categories":[18,17,14,15],"tags":[],"class_list":["post-51536","post","type-post","status-publish","format-standard","has-post-thumbnail","hentry","category-economia","category-outras-noticias","category-pais","category-politica"],"_links":{"self":[{"href":"https:\/\/tvc16.com\/portal\/wp-json\/wp\/v2\/posts\/51536","targetHints":{"allow":["GET"]}}],"collection":[{"href":"https:\/\/tvc16.com\/portal\/wp-json\/wp\/v2\/posts"}],"about":[{"href":"https:\/\/tvc16.com\/portal\/wp-json\/wp\/v2\/types\/post"}],"author":[{"embeddable":true,"href":"https:\/\/tvc16.com\/portal\/wp-json\/wp\/v2\/users\/2"}],"replies":[{"embeddable":true,"href":"https:\/\/tvc16.com\/portal\/wp-json\/wp\/v2\/comments?post=51536"}],"version-history":[{"count":1,"href":"https:\/\/tvc16.com\/portal\/wp-json\/wp\/v2\/posts\/51536\/revisions"}],"predecessor-version":[{"id":51538,"href":"https:\/\/tvc16.com\/portal\/wp-json\/wp\/v2\/posts\/51536\/revisions\/51538"}],"wp:featuredmedia":[{"embeddable":true,"href":"https:\/\/tvc16.com\/portal\/wp-json\/wp\/v2\/media\/51537"}],"wp:attachment":[{"href":"https:\/\/tvc16.com\/portal\/wp-json\/wp\/v2\/media?parent=51536"}],"wp:term":[{"taxonomy":"category","embeddable":true,"href":"https:\/\/tvc16.com\/portal\/wp-json\/wp\/v2\/categories?post=51536"},{"taxonomy":"post_tag","embeddable":true,"href":"https:\/\/tvc16.com\/portal\/wp-json\/wp\/v2\/tags?post=51536"}],"curies":[{"name":"wp","href":"https:\/\/api.w.org\/{rel}","templated":true}]}}