{"id":5154,"date":"2020-11-07T19:22:01","date_gmt":"2020-11-07T19:22:01","guid":{"rendered":"https:\/\/tvc16.com\/portal\/?p=5154"},"modified":"2020-11-07T19:22:01","modified_gmt":"2020-11-07T19:22:01","slug":"pm-apreende-drogas-no-carangola","status":"publish","type":"post","link":"https:\/\/tvc16.com\/portal\/2020\/11\/07\/pm-apreende-drogas-no-carangola\/","title":{"rendered":"PM apreende drogas no Carangola"},"content":{"rendered":"\n<p>A Pol\u00edcia Militar aprendeu um menor e deteve outro homem ap\u00f3s uma opera\u00e7\u00e3o contra o tr\u00e1fico de drogas na Rua Modesto Guimar\u00e3es, no Carangola. Os agentes chegaram ao local ap\u00f3s den\u00fancias an\u00f4nimas. Assim que percebeu a presen\u00e7a dos PMs o menor tentou fugir e jogou uma sacola no ch\u00e3o. Dentro da embalagem foram apreendidas 101 (900g) c\u00e1psulas de coca\u00edna, e uma carga de maconha com 30 tabletes da droga. J\u00e1 na casa dele, foram encontrados mais 60 tabletes do entorpecente, totalizando 1.970 kg de maconha apreendida.<\/p>\n\n\n\n<p>Ap\u00f3s ser apreendido o menor apontou um comparsa como sendo um dos respons\u00e1veis pelos entorpecentes. Na casa do segundo suspeito os PMs encontraram 17 comprovantes de dep\u00f3sitos banc\u00e1rios em nome de terceiros. Al\u00e9m disso, no quintal do im\u00f3vel havia um r\u00e1dio transmissor e uma base do aparelho. Questionado sobre o fato, ele informou que de fato era comparsa do menor.<\/p>\n\n\n\n<p>Ambos foram levados para a 105\u00aa Delegacia de Pol\u00edcia, no Retiro, onde foram autuados por tr\u00e1fico e associa\u00e7\u00e3o pelo mesmo crime. A dupla permaneceu \u00e0 disposi\u00e7\u00e3o da justi\u00e7a.<\/p>\n","protected":false},"excerpt":{"rendered":"<p>A Pol\u00edcia Militar aprendeu um menor e deteve outro homem ap\u00f3s uma opera\u00e7\u00e3o contra o<\/p>\n","protected":false},"author":2,"featured_media":5155,"comment_status":"open","ping_status":"open","sticky":false,"template":"","format":"standard","meta":{"footnotes":""},"categories":[12],"tags":[],"class_list":["post-5154","post","type-post","status-publish","format-standard","has-post-thumbnail","hentry","category-cidade"],"_links":{"self":[{"href":"https:\/\/tvc16.com\/portal\/wp-json\/wp\/v2\/posts\/5154","targetHints":{"allow":["GET"]}}],"collection":[{"href":"https:\/\/tvc16.com\/portal\/wp-json\/wp\/v2\/posts"}],"about":[{"href":"https:\/\/tvc16.com\/portal\/wp-json\/wp\/v2\/types\/post"}],"author":[{"embeddable":true,"href":"https:\/\/tvc16.com\/portal\/wp-json\/wp\/v2\/users\/2"}],"replies":[{"embeddable":true,"href":"https:\/\/tvc16.com\/portal\/wp-json\/wp\/v2\/comments?post=5154"}],"version-history":[{"count":1,"href":"https:\/\/tvc16.com\/portal\/wp-json\/wp\/v2\/posts\/5154\/revisions"}],"predecessor-version":[{"id":5156,"href":"https:\/\/tvc16.com\/portal\/wp-json\/wp\/v2\/posts\/5154\/revisions\/5156"}],"wp:featuredmedia":[{"embeddable":true,"href":"https:\/\/tvc16.com\/portal\/wp-json\/wp\/v2\/media\/5155"}],"wp:attachment":[{"href":"https:\/\/tvc16.com\/portal\/wp-json\/wp\/v2\/media?parent=5154"}],"wp:term":[{"taxonomy":"category","embeddable":true,"href":"https:\/\/tvc16.com\/portal\/wp-json\/wp\/v2\/categories?post=5154"},{"taxonomy":"post_tag","embeddable":true,"href":"https:\/\/tvc16.com\/portal\/wp-json\/wp\/v2\/tags?post=5154"}],"curies":[{"name":"wp","href":"https:\/\/api.w.org\/{rel}","templated":true}]}}