{"id":51551,"date":"2023-01-16T13:00:00","date_gmt":"2023-01-16T16:00:00","guid":{"rendered":"https:\/\/tvc16.com\/portal\/?p=51551"},"modified":"2023-01-15T16:06:17","modified_gmt":"2023-01-15T19:06:17","slug":"anac-vai-endurecer-regras-para-barulho-em-aeroporto","status":"publish","type":"post","link":"https:\/\/tvc16.com\/portal\/2023\/01\/16\/anac-vai-endurecer-regras-para-barulho-em-aeroporto\/","title":{"rendered":"Anac vai endurecer regras para barulho em aeroporto"},"content":{"rendered":"\n<p>A Anac (Ag\u00eancia Nacional de Avia\u00e7\u00e3o Civil) vai endurecer as regras para o barulho nos aeroportos brasileiros.<br>Hoje, para gerenciar os ru\u00eddos aeron\u00e1uticos, os terminais seguem um guia orientativo, ou seja, que n\u00e3o tem car\u00e1ter obrigat\u00f3rio. A ag\u00eancia vai transformar o manual em um IS (Instrumento Suplementar), que funciona como uma esp\u00e9cie de norma.<br>A consulta setorial, que vai receber propostas de um novo regulamento, acaba de ser aberta e vai at\u00e9 27 de fevereiro.<br>O formul\u00e1rio para sugest\u00f5es disponibilizado pela Anac pode ser preenchido por qualquer pessoa, mas o p\u00fablico-alvo s\u00e3o empresas a\u00e9reas, fabricantes e outros representantes do setor.<br>Segundo a Anac, a decis\u00e3o de transformar o guia em um Instrumento Suplementar segue recomenda\u00e7\u00e3o da OACI (Organiza\u00e7\u00e3o da Avia\u00e7\u00e3o Civil Internacional).<\/p>\n\n\n\n<p>Joana Cunha &#8211; FolhaPress<\/p>\n","protected":false},"excerpt":{"rendered":"<p>A Anac (Ag\u00eancia Nacional de Avia\u00e7\u00e3o Civil) vai endurecer as regras para o barulho nos<\/p>\n","protected":false},"author":2,"featured_media":51552,"comment_status":"open","ping_status":"open","sticky":false,"template":"","format":"standard","meta":{"footnotes":""},"categories":[264,18,17,14,15],"tags":[],"class_list":["post-51551","post","type-post","status-publish","format-standard","has-post-thumbnail","hentry","category-destaque","category-economia","category-outras-noticias","category-pais","category-politica"],"_links":{"self":[{"href":"https:\/\/tvc16.com\/portal\/wp-json\/wp\/v2\/posts\/51551","targetHints":{"allow":["GET"]}}],"collection":[{"href":"https:\/\/tvc16.com\/portal\/wp-json\/wp\/v2\/posts"}],"about":[{"href":"https:\/\/tvc16.com\/portal\/wp-json\/wp\/v2\/types\/post"}],"author":[{"embeddable":true,"href":"https:\/\/tvc16.com\/portal\/wp-json\/wp\/v2\/users\/2"}],"replies":[{"embeddable":true,"href":"https:\/\/tvc16.com\/portal\/wp-json\/wp\/v2\/comments?post=51551"}],"version-history":[{"count":1,"href":"https:\/\/tvc16.com\/portal\/wp-json\/wp\/v2\/posts\/51551\/revisions"}],"predecessor-version":[{"id":51554,"href":"https:\/\/tvc16.com\/portal\/wp-json\/wp\/v2\/posts\/51551\/revisions\/51554"}],"wp:featuredmedia":[{"embeddable":true,"href":"https:\/\/tvc16.com\/portal\/wp-json\/wp\/v2\/media\/51552"}],"wp:attachment":[{"href":"https:\/\/tvc16.com\/portal\/wp-json\/wp\/v2\/media?parent=51551"}],"wp:term":[{"taxonomy":"category","embeddable":true,"href":"https:\/\/tvc16.com\/portal\/wp-json\/wp\/v2\/categories?post=51551"},{"taxonomy":"post_tag","embeddable":true,"href":"https:\/\/tvc16.com\/portal\/wp-json\/wp\/v2\/tags?post=51551"}],"curies":[{"name":"wp","href":"https:\/\/api.w.org\/{rel}","templated":true}]}}