{"id":51562,"date":"2023-01-16T08:30:00","date_gmt":"2023-01-16T11:30:00","guid":{"rendered":"https:\/\/tvc16.com\/portal\/?p=51562"},"modified":"2023-01-15T21:30:04","modified_gmt":"2023-01-16T00:30:04","slug":"petropolis-se-prepara-para-o-carnaval-inclusao-2023","status":"publish","type":"post","link":"https:\/\/tvc16.com\/portal\/2023\/01\/16\/petropolis-se-prepara-para-o-carnaval-inclusao-2023\/","title":{"rendered":"Petr\u00f3polis se prepara para o \u2018Carnaval Inclus\u00e3o\u2019 2023"},"content":{"rendered":"\n<p><em>Guilherme Mattos<\/em><\/p>\n\n\n\n<p>O petropolitano j\u00e1 pode se preparar para o Carnaval de 2023, ap\u00f3s dois anos sem folia, devido \u00e0 pandemia da Covid-19 e as trag\u00e9dias. Em 2023 o Carnaval volta e segundo Eduardo Moreira, presidente da associa\u00e7\u00e3o dos blocos de rua em Petr\u00f3polis, a festa esse ano j\u00e1 tem at\u00e9 nome. \u201cEstamos bem adiantados, junto com o governo municipal fazendo acontecer. O nome do Carnaval vai ser \u2018Carnaval Inclus\u00e3o\u2019 e tanto o Prefeito quanto Paulo Mustrangi est\u00e3o nos dando uma aten\u00e7\u00e3o muito bacana&#8221;, disse Eduardo Moreira.<\/p>\n\n\n\n<p>A Prefeitura disse ao Correio Petropolitano que o Instituto Municipal de Cultura (IMC), j\u00e1 concedeu autoriza\u00e7\u00e3o para apresenta\u00e7\u00f5es e desfiles de 12 blocos, que pediram o &#8220;Nada Opor&#8221; ao instituto. De acordo com a Prefeitura, a realiza\u00e7\u00e3o dos desfiles dos blocos est\u00e1 sendo discutida dentro da Comiss\u00e3o de Eventos, que se re\u00fane quinzenalmente. Al\u00e9m disso, encontros ser\u00e3o realizados entre a Prefeitura, a Libesp e os blocos de Carnaval para a organiza\u00e7\u00e3o dos desfiles, cujo calend\u00e1rio est\u00e1 sendo finalizado e ser\u00e1 divulgado em breve.<\/p>\n\n\n\n<p>Al\u00e9m do aval da Prefeitura, os blocos precisam solicitar alvar\u00e1s \u00e0 Pol\u00edcia Militar e ao Corpo de Bombeiros. Eduardo ainda completa. \u201cA gente est\u00e1 finalizando os of\u00edcios com a Pol\u00edcia Militar, Pol\u00edcia Civil, Vara da Inf\u00e2ncia e na pr\u00f3xima semana a gente finaliza o calend\u00e1rio do carnaval.\u201d A associa\u00e7\u00e3o vai se reunir nesta segunda-feira, 16, para discutir os \u00faltimos detalhes do pr\u00e9 carnaval e do carnaval.<\/p>\n","protected":false},"excerpt":{"rendered":"<p>Guilherme Mattos O petropolitano j\u00e1 pode se preparar para o Carnaval de 2023, ap\u00f3s dois<\/p>\n","protected":false},"author":2,"featured_media":51563,"comment_status":"open","ping_status":"open","sticky":true,"template":"","format":"standard","meta":{"footnotes":""},"categories":[12,21,264,18,19],"tags":[],"class_list":["post-51562","post","type-post","status-publish","format-standard","has-post-thumbnail","hentry","category-cidade","category-cultura","category-destaque","category-economia","category-educacao"],"_links":{"self":[{"href":"https:\/\/tvc16.com\/portal\/wp-json\/wp\/v2\/posts\/51562","targetHints":{"allow":["GET"]}}],"collection":[{"href":"https:\/\/tvc16.com\/portal\/wp-json\/wp\/v2\/posts"}],"about":[{"href":"https:\/\/tvc16.com\/portal\/wp-json\/wp\/v2\/types\/post"}],"author":[{"embeddable":true,"href":"https:\/\/tvc16.com\/portal\/wp-json\/wp\/v2\/users\/2"}],"replies":[{"embeddable":true,"href":"https:\/\/tvc16.com\/portal\/wp-json\/wp\/v2\/comments?post=51562"}],"version-history":[{"count":1,"href":"https:\/\/tvc16.com\/portal\/wp-json\/wp\/v2\/posts\/51562\/revisions"}],"predecessor-version":[{"id":51564,"href":"https:\/\/tvc16.com\/portal\/wp-json\/wp\/v2\/posts\/51562\/revisions\/51564"}],"wp:featuredmedia":[{"embeddable":true,"href":"https:\/\/tvc16.com\/portal\/wp-json\/wp\/v2\/media\/51563"}],"wp:attachment":[{"href":"https:\/\/tvc16.com\/portal\/wp-json\/wp\/v2\/media?parent=51562"}],"wp:term":[{"taxonomy":"category","embeddable":true,"href":"https:\/\/tvc16.com\/portal\/wp-json\/wp\/v2\/categories?post=51562"},{"taxonomy":"post_tag","embeddable":true,"href":"https:\/\/tvc16.com\/portal\/wp-json\/wp\/v2\/tags?post=51562"}],"curies":[{"name":"wp","href":"https:\/\/api.w.org\/{rel}","templated":true}]}}