{"id":51569,"date":"2023-01-16T13:03:20","date_gmt":"2023-01-16T16:03:20","guid":{"rendered":"https:\/\/tvc16.com\/portal\/?p=51569"},"modified":"2023-01-16T13:03:21","modified_gmt":"2023-01-16T16:03:21","slug":"claudio-partes-promove-exposicao-memoria-ilusao-da-casa-em-petropolis","status":"publish","type":"post","link":"https:\/\/tvc16.com\/portal\/2023\/01\/16\/claudio-partes-promove-exposicao-memoria-ilusao-da-casa-em-petropolis\/","title":{"rendered":"Claudio Partes promove exposi\u00e7\u00e3o &#8220;Mem\u00f3ria &#038; ilus\u00e3o da Casa&#8221;, em Petr\u00f3polis"},"content":{"rendered":"\n<p>A Piccola Arena, complexo cultural situado no Rocio, Petr\u00f3polis-RJ, apresenta a nova exposi\u00e7\u00e3o de Claudio Partes, com pesquisa realizada ao longo da pandemia, que tem como ponto de partida lembran\u00e7as e divaga\u00e7\u00f5es oriundas da(s) casa(s) habitada(s) pelo artista, e suas mem\u00f3rias dos espa\u00e7os e percep\u00e7\u00f5es deslocadas\/afetadas pelo tempo.<\/p>\n\n\n\n<p>Diz o artista, sobre sua inten\u00e7\u00e3o: &#8220;Revisito as casas habitadas por mim ao longo da vida, mais de vinte, numa viagem que evoca o interior, formas, vest\u00edgios e viv\u00eancias, re-elaborando certezas e assumindo imprecis\u00f5es e ilus\u00f5es para criar obras que proporcionem um olhar estendido sobre o tema (casa), quer em seu aspecto f\u00edsico quanto imagin\u00e1rio.&#8221;<\/p>\n\n\n\n<p>Com curadoria de Josiana Oliveiras, conta com mais de 15 obras e expressa a leveza e equil\u00edbrio que o artista elabora seu trabalho.<\/p>\n\n\n\n<figure class=\"wp-block-image size-large\"><img loading=\"lazy\" decoding=\"async\" width=\"911\" height=\"1024\" src=\"https:\/\/tvc16.com\/portal\/wp-content\/uploads\/2023\/01\/WhatsApp-Image-2023-01-16-at-11.01.51-1-911x1024.jpeg\" alt=\"\" class=\"wp-image-51570\" srcset=\"https:\/\/tvc16.com\/portal\/wp-content\/uploads\/2023\/01\/WhatsApp-Image-2023-01-16-at-11.01.51-1-911x1024.jpeg 911w, https:\/\/tvc16.com\/portal\/wp-content\/uploads\/2023\/01\/WhatsApp-Image-2023-01-16-at-11.01.51-1-267x300.jpeg 267w, https:\/\/tvc16.com\/portal\/wp-content\/uploads\/2023\/01\/WhatsApp-Image-2023-01-16-at-11.01.51-1-768x863.jpeg 768w, https:\/\/tvc16.com\/portal\/wp-content\/uploads\/2023\/01\/WhatsApp-Image-2023-01-16-at-11.01.51-1-1367x1536.jpeg 1367w, https:\/\/tvc16.com\/portal\/wp-content\/uploads\/2023\/01\/WhatsApp-Image-2023-01-16-at-11.01.51-1.jpeg 1424w\" sizes=\"auto, (max-width: 911px) 100vw, 911px\" \/><\/figure>\n\n\n\n<p>Ele nos apresenta gravuras (gofrado), t\u00e9cnica retomada em estudos da s\u00e9rie anterior (Alfaiate de Asas) no ateli\u00ea Puente Taller de grabado de Melissa Scisciani e com influ\u00eancia das gravuras do artista Omar Rayo. J\u00e1 as esculturas, t\u00e9cnica iniciada a partir de est\u00edmulos do escultor e amigo Marcelo Lago, aqui se equilibram em oposi\u00e7\u00e3o \u00e0 fluidez da grande instala\u00e7\u00e3o interativa, o p\u00fablico pode entrar, que sintetiza todas as moradas e parece se (des)fazer de forma org\u00e2nica &#8211; casa tempo &#8211; equil\u00edbrio entre o minimalismo material e o despontar criativo, talvez leve influ\u00eancia do jovem arquiteto-artista Loan Tammela.<\/p>\n\n\n\n<p>&#8220;Mem\u00f3ria e Ilus\u00e3o da Casa\u201d vai al\u00e9m do mergulho na mem\u00f3ria do artista, nos<br>convidando a refletir sobre aspectos que v\u00e3o da concretude que se molda e se desfaz \u00e0 ilus\u00e3o que se materializa. Um convite a rememorar nossas pr\u00f3prias moradas e conceitos transformando o corpo, o espa\u00e7o, o tempo e o ser em nossa casa.<\/p>\n\n\n\n<p>SERVI\u00c7O<\/p>\n\n\n\n<p>Exposi\u00e7\u00e3o individual \u201cMem\u00f3ria &amp; Ilus\u00e3o da Casa\u201d &#8211; Claudio Partes<br>Local: Piccola Arena. Estrada do Rocio, 3507, Petr\u00f3polis, RJ<br>Abertura: dia 21 de janeiro de 2023, \u00e0s 16h<br>Per\u00edodo: de 22 de janeiro a 12 de mar\u00e7o<br>(s\u00e1bado e domingo ou c\/ agendamento &#8211; 24 2243 9311)<br>www.piccolaarena.com.br<br>Artista: @claudio partes<br>Curadoria: @Josiana Oliveiras<br>Produ\u00e7\u00e3o e Montagem: Aline dela Cruz e Partes Est\u00fadio<br>Assessoria de Comunica\u00e7\u00e3o: Silvana Coelho<br>Realiza\u00e7\u00e3o: Piccola Arena<\/p>\n","protected":false},"excerpt":{"rendered":"<p>A Piccola Arena, complexo cultural situado no Rocio, Petr\u00f3polis-RJ, apresenta a nova exposi\u00e7\u00e3o de Claudio<\/p>\n","protected":false},"author":2,"featured_media":51571,"comment_status":"open","ping_status":"open","sticky":false,"template":"","format":"standard","meta":{"footnotes":""},"categories":[12],"tags":[],"class_list":["post-51569","post","type-post","status-publish","format-standard","has-post-thumbnail","hentry","category-cidade"],"_links":{"self":[{"href":"https:\/\/tvc16.com\/portal\/wp-json\/wp\/v2\/posts\/51569","targetHints":{"allow":["GET"]}}],"collection":[{"href":"https:\/\/tvc16.com\/portal\/wp-json\/wp\/v2\/posts"}],"about":[{"href":"https:\/\/tvc16.com\/portal\/wp-json\/wp\/v2\/types\/post"}],"author":[{"embeddable":true,"href":"https:\/\/tvc16.com\/portal\/wp-json\/wp\/v2\/users\/2"}],"replies":[{"embeddable":true,"href":"https:\/\/tvc16.com\/portal\/wp-json\/wp\/v2\/comments?post=51569"}],"version-history":[{"count":1,"href":"https:\/\/tvc16.com\/portal\/wp-json\/wp\/v2\/posts\/51569\/revisions"}],"predecessor-version":[{"id":51572,"href":"https:\/\/tvc16.com\/portal\/wp-json\/wp\/v2\/posts\/51569\/revisions\/51572"}],"wp:featuredmedia":[{"embeddable":true,"href":"https:\/\/tvc16.com\/portal\/wp-json\/wp\/v2\/media\/51571"}],"wp:attachment":[{"href":"https:\/\/tvc16.com\/portal\/wp-json\/wp\/v2\/media?parent=51569"}],"wp:term":[{"taxonomy":"category","embeddable":true,"href":"https:\/\/tvc16.com\/portal\/wp-json\/wp\/v2\/categories?post=51569"},{"taxonomy":"post_tag","embeddable":true,"href":"https:\/\/tvc16.com\/portal\/wp-json\/wp\/v2\/tags?post=51569"}],"curies":[{"name":"wp","href":"https:\/\/api.w.org\/{rel}","templated":true}]}}