{"id":51573,"date":"2023-01-16T13:14:21","date_gmt":"2023-01-16T16:14:21","guid":{"rendered":"https:\/\/tvc16.com\/portal\/?p=51573"},"modified":"2023-01-16T13:14:22","modified_gmt":"2023-01-16T16:14:22","slug":"prazo-para-dispensa-de-prova-do-enade-2022-termina-sexta-feira","status":"publish","type":"post","link":"https:\/\/tvc16.com\/portal\/2023\/01\/16\/prazo-para-dispensa-de-prova-do-enade-2022-termina-sexta-feira\/","title":{"rendered":"<strong>Prazo para dispensa de prova do Enade 2022 termina&nbsp;sexta-feira<\/strong>"},"content":{"rendered":"\n<p><em>Por Ag\u00eancia Brasil &#8211; Bras\u00edlia<\/em><\/p>\n\n\n\n<p>Termina na pr\u00f3xima&nbsp;sexta-feira (20) o prazo para estudantes e institui\u00e7\u00f5es de educa\u00e7\u00e3o superior apresentarem a solicita\u00e7\u00e3o de dispensa da prova do Exame Nacional de Desempenho dos Estudantes (Enade) 2022. O pedido, contendo a justificativa para a aus\u00eancia no exame, deve ser feito por meio do&nbsp;<a href=\"http:\/\/enade.inep.gov.br\/enade\/#!\/index\" target=\"_blank\" rel=\"noreferrer noopener\"><strong>Sistema Enade<\/strong><\/a>.<\/p>\n\n\n\n<p>Segundo o Instituto Nacional de Estudos e Pesquisas Educacionais An\u00edsio Teixeira (Inep), \u00e9 preciso comprovar o motivo da falta, mediante documenta\u00e7\u00e3o, conforme as exig\u00eancias previstas em edital. \u201cO estudante pode solicitar a dispensa da prova, mas precisa&nbsp;ter&nbsp;cumprido o requisito de preencher o Question\u00e1rio do Estudante&#8221;, informou, em nota, o Inep.<\/p>\n\n\n\n<p>Entre as situa\u00e7\u00f5es previstas como justificativas de aus\u00eancia est\u00e3o&nbsp;acidente, assalto, casamento, extravio, perda, furto ou roubo de documento de identifica\u00e7\u00e3o, luto, quest\u00f5es relacionadas \u00e0 sa\u00fade, \u00e0 maternidade ou \u00e0 paternidade, bem como compromissos profissionais e priva\u00e7\u00e3o de liberdade.<\/p>\n\n\n\n<p>Ainda segundo o instituto, casos de aus\u00eancia decorrentes de motivos pessoais ou profissionais devem ser registrados pelos estudantes e analisados pelos respectivos coordenadores de curso. \u201cJ\u00e1 os casos de aus\u00eancia por compromissos acad\u00eamicos vinculados ao curso avaliado devem ser registrados pelos coordenadores&nbsp;e&nbsp;analisados pelo Inep\u201d, acrescentou.&nbsp;<\/p>\n\n\n\n<p>No caso das institui\u00e7\u00f5es de ensino superior, \u00e9 tamb\u00e9m poss\u00edvel \u2013 aos coordenadores de curso \u2013 registrar declara\u00e7\u00f5es referentes a estudantes que n\u00e3o foram inscritos no per\u00edodo previsto,&nbsp;deixaram de ser informados pela institui\u00e7\u00e3o sobre sua inscri\u00e7\u00e3o; n\u00e3o tiveram indica\u00e7\u00e3o correta do polo de apoio presencial,&nbsp;n\u00e3o tiveram seu munic\u00edpio de prova alterado em decorr\u00eancia de mobilidade acad\u00eamica ou foram inscritos indevidamente.<\/p>\n\n\n\n<p>\u201cPessoas com o pedido de dispensa deferido ser\u00e3o automaticamente regularizadas no que diz respeito ao Enade 2022, desde que n\u00e3o tenham pend\u00eancias em rela\u00e7\u00e3o ao Question\u00e1rio do Estudante. A lista de regulares pode ser conferida no Sistema Enade&nbsp;pelos coordenadores de curso e procuradores educacionais institucionais\u201d, informou o Inep.<\/p>\n\n\n\n<p><em>Edi\u00e7\u00e3o: Gra\u00e7a Adjuto<\/em><\/p>\n","protected":false},"excerpt":{"rendered":"<p>Por Ag\u00eancia Brasil &#8211; Bras\u00edlia Termina na pr\u00f3xima&nbsp;sexta-feira (20) o prazo para estudantes e institui\u00e7\u00f5es<\/p>\n","protected":false},"author":2,"featured_media":51574,"comment_status":"open","ping_status":"open","sticky":false,"template":"","format":"standard","meta":{"footnotes":""},"categories":[17],"tags":[],"class_list":["post-51573","post","type-post","status-publish","format-standard","has-post-thumbnail","hentry","category-outras-noticias"],"_links":{"self":[{"href":"https:\/\/tvc16.com\/portal\/wp-json\/wp\/v2\/posts\/51573","targetHints":{"allow":["GET"]}}],"collection":[{"href":"https:\/\/tvc16.com\/portal\/wp-json\/wp\/v2\/posts"}],"about":[{"href":"https:\/\/tvc16.com\/portal\/wp-json\/wp\/v2\/types\/post"}],"author":[{"embeddable":true,"href":"https:\/\/tvc16.com\/portal\/wp-json\/wp\/v2\/users\/2"}],"replies":[{"embeddable":true,"href":"https:\/\/tvc16.com\/portal\/wp-json\/wp\/v2\/comments?post=51573"}],"version-history":[{"count":1,"href":"https:\/\/tvc16.com\/portal\/wp-json\/wp\/v2\/posts\/51573\/revisions"}],"predecessor-version":[{"id":51575,"href":"https:\/\/tvc16.com\/portal\/wp-json\/wp\/v2\/posts\/51573\/revisions\/51575"}],"wp:featuredmedia":[{"embeddable":true,"href":"https:\/\/tvc16.com\/portal\/wp-json\/wp\/v2\/media\/51574"}],"wp:attachment":[{"href":"https:\/\/tvc16.com\/portal\/wp-json\/wp\/v2\/media?parent=51573"}],"wp:term":[{"taxonomy":"category","embeddable":true,"href":"https:\/\/tvc16.com\/portal\/wp-json\/wp\/v2\/categories?post=51573"},{"taxonomy":"post_tag","embeddable":true,"href":"https:\/\/tvc16.com\/portal\/wp-json\/wp\/v2\/tags?post=51573"}],"curies":[{"name":"wp","href":"https:\/\/api.w.org\/{rel}","templated":true}]}}