{"id":5158,"date":"2020-11-08T12:53:15","date_gmt":"2020-11-08T12:53:15","guid":{"rendered":"https:\/\/tvc16.com\/portal\/?p=5158"},"modified":"2020-11-08T12:53:15","modified_gmt":"2020-11-08T12:53:15","slug":"brasil-vai-usar-tecnologia-para-recuperacao-de-ecossistemas-nativos","status":"publish","type":"post","link":"https:\/\/tvc16.com\/portal\/2020\/11\/08\/brasil-vai-usar-tecnologia-para-recuperacao-de-ecossistemas-nativos\/","title":{"rendered":"Brasil vai usar tecnologia para recupera\u00e7\u00e3o de ecossistemas nativos"},"content":{"rendered":"\n<p>O Brasil perdeu cerca 10% de \u00e1reas de vegeta\u00e7\u00e3o nativa, entre os anos de 1985 a 2019, de acordo com o Instituto de Pesquisa Ambiental da Amaz\u00f4nia (IPAM)<\/p>\n\n\n\n<p>O Brasil perdeu cerca 10% de \u00e1reas de vegeta\u00e7\u00e3o nativa, entre os anos de 1985 a 2019, de acordo com o <strong><a href=\"https:\/\/ipam.org.br\/brasil-perdeu-area-de-vegetacao-nativa-equivalente-a-10-do-territorio-nacional-entre-1985-e-2019\/\">Instituto de Pesquisa Ambiental da Amaz\u00f4nia (IPAM)<\/a><\/strong>. Os <strong><a href=\"http:\/\/alerta.mapbiomas.org\/relatorios\">mapas e dados<\/a><\/strong> apresentados pela organiza\u00e7\u00e3o n\u00e3o governamental mostram que o Brasil perdeu 87,2 milh\u00f5es de hectares dessas regi\u00f5es, com um ritmo de perda de vegeta\u00e7\u00e3o nativa mais acelerado entre 2018 e 2019.<br><br>Por isso, com vista neste tipo de problema enfrentado pela biodiversidade brasileira, o Minist\u00e9rio da Ci\u00eancia, Tecnologia e Inova\u00e7\u00f5es (MCTI) lan\u00e7ou a Iniciativa Regenera Brasil, uma estrat\u00e9gia que tem objetivo de contribuir com a pesquisa cient\u00edfica, o desenvolvimento tecnol\u00f3gico e a inova\u00e7\u00e3o para a gera\u00e7\u00e3o de diretrizes que venham a promover a recupera\u00e7\u00e3o efetiva dos ecossistemas nativos brasileiros.<\/p>\n\n\n\n<p><img decoding=\"async\" alt=\"\" src=\"\/\/s3-sa-east-1.amazonaws.com\/agencia-radio-arb\/2790\/content_Desmatamento-no-Brasil.png\"><br><br>De acordo com a proposta do <strong><a href=\"https:\/\/www.gov.br\/mcti\/pt-br\/acompanhe-o-mcti\/noticias\/2020\/08\/iniciativa-regenera-brasil-do-mcti-vai-atuar-na-recuperacao-de-ecossistemas-nacionais\">Regenera Brasil<\/a><\/strong>, de in\u00edcio, ser\u00e3o tr\u00eas projetos-pilotos em parceria com unidades de pesquisa vinculadas ao minist\u00e9rio, sendo dois na Amaz\u00f4nia, em parceria com o Instituto Nacional de Pesquisas da Amaz\u00f4nia (INPA) e o Museu Paraense Em\u00edlio Goeldi (MPEG); e um na Mata Atl\u00e2ntica, em parceria com o Instituto Nacional da Mata Atl\u00e2ntica (INMA).<br><br>Com isso, o governo federal pretende promover a sustentabilidade ao mesmo tempo em que refor\u00e7a o cumprimento de compromissos internacionais por meio do desenvolvimento de novas ferramentas, como explica o ministro da Ci\u00eancia, Tecnologia e Inova\u00e7\u00f5es, Marcos Pontes.<br><br>\u201cQual a miss\u00e3o do minist\u00e9rio? Produzir conhecimento; produzir riquezas para o pa\u00eds atrav\u00e9s de produtos, servi\u00e7os, empresas e tecnologia; e contribuir com a qualidade de vida das pessoas. Tentamos colocar atrav\u00e9s de programas que s\u00e3o espalhados ao longo de uma escala de desenvolvimento de tecnologia, de matura\u00e7\u00e3o de tecnologia em uma escala utilizada ou criada pela NASA, de 9 itens come\u00e7ando no 1 como um conceito e chegando at\u00e9 o 9 como um produto final\u201d, disse o ministro.<br><br>Apesar da iniciativa, para a pesquisadora do Departamento de Ecologia da Universidade de Bras\u00edlia (UNB), Carmem Regina Correia, preservar e conservar s\u00e3o a\u00e7\u00f5es mais importantes para os ecossistemas brasileiros, pois demandam menos recursos financeiros e tempo, uma vez que ao falarmos de regenera\u00e7\u00e3o ou restaura\u00e7\u00e3o, significa dizer que houve uma degrada\u00e7\u00e3o anterior aos recursos naturais.<br><br>\u201cTem que ser feito um grande esfor\u00e7o no sentido de recuperar. E \u00e9 um grande esfor\u00e7o n\u00e3o s\u00f3 de recursos, mas de tecnologia, de pesquisa, porque uma coisa foi a constru\u00e7\u00e3o desses ambientes naturais por milh\u00f5es de anos, outra \u00e9 a gente ter que recuperar em pouco tempo. Ent\u00e3o se falar em regenera\u00e7\u00e3o, s\u00e3o 10 anos, 20 anos para voc\u00ea come\u00e7ar a ver um in\u00edcio de restaura\u00e7\u00e3o de uma \u00e1rea.\u201d &nbsp;<\/p>\n\n\n\n<p><strong><a href=\"https:\/\/brasil61.com\/noticias\/mato-grosso-do-sul-entra-em-estado-de-emergencia-devido-a-incendios-no-pantanal-bras201231\">Mato Grosso do Sul entra em estado de emerg\u00eancia devido a inc\u00eandios no Pantanal<\/a><\/strong><\/p>\n\n\n\n<p><a href=\"https:\/\/brasil61.com\/noticias\/mma-cria-programa-que-valoriza-quem-preserva-florestas-nativas-do-pais-bras200744\"><strong>MMA cria programa que valoriza quem preserva florestas nativas do pa\u00eds<\/strong><\/a><\/p>\n\n\n\n<p>A necessidade de preserva\u00e7\u00e3o e regenera\u00e7\u00e3o dos ecossistemas nativos brasileiros se mostra mais relevante quando explicado que a <strong><a href=\"https:\/\/www.mma.gov.br\/biodiversidade\/biodiversidade-brasileira\">variedade de biomas nacionais<\/a><\/strong> reflete a enorme riqueza da flora e da fauna do pa\u00eds, uma vez que o Brasil abriga a maior biodiversidade do planeta. \u00c9 uma abundante variedade de vida \u2013 que se traduzida em mais de 20% do n\u00famero total de esp\u00e9cies do mundo.<br><br>Por isso, segundo o minist\u00e9rio, para definir as diretrizes que contribuir\u00e3o para a iniciativa, ser\u00e1 prestado a ajuda de um comit\u00ea de especialistas de not\u00f3rio saber com experi\u00eancia em recupera\u00e7\u00e3o de vegeta\u00e7\u00e3o. &nbsp;De acordo com o projeto, ser\u00e3o priorizadas as \u00e1reas de recupera\u00e7\u00e3o com melhor rela\u00e7\u00e3o custo-efici\u00eancia; a defini\u00e7\u00e3o de metodologias adequadas de recupera\u00e7\u00e3o para cada situa\u00e7\u00e3o de degrada\u00e7\u00e3o; o monitoramento cient\u00edfico das \u00e1reas em recupera\u00e7\u00e3o; a redu\u00e7\u00e3o da perda de biodiversidade; e a amplia\u00e7\u00e3o dos servi\u00e7os ecossist\u00eamicos associados.<\/p>\n\n\n\n<p>Fonte: <a href=\"https:\/\/brasil61.com\/noticias\/brasil-vai-usar-tecnologia-para-recuperacao-de-ecossistemas-nativos-bras201635?email=bethdeoliveira@yahoo.com.br&amp;utm_source=newsletter&amp;utm_medium=newsletter&amp;utm_campaign=newsletter\" target=\"_blank\" rel=\"noreferrer noopener\">Brasil 61<\/a><\/p>\n","protected":false},"excerpt":{"rendered":"<p>O Brasil perdeu cerca 10% de \u00e1reas de vegeta\u00e7\u00e3o nativa, entre os anos de 1985<\/p>\n","protected":false},"author":2,"featured_media":5159,"comment_status":"open","ping_status":"open","sticky":false,"template":"","format":"standard","meta":{"footnotes":""},"categories":[16],"tags":[],"class_list":["post-5158","post","type-post","status-publish","format-standard","has-post-thumbnail","hentry","category-colunistas"],"_links":{"self":[{"href":"https:\/\/tvc16.com\/portal\/wp-json\/wp\/v2\/posts\/5158","targetHints":{"allow":["GET"]}}],"collection":[{"href":"https:\/\/tvc16.com\/portal\/wp-json\/wp\/v2\/posts"}],"about":[{"href":"https:\/\/tvc16.com\/portal\/wp-json\/wp\/v2\/types\/post"}],"author":[{"embeddable":true,"href":"https:\/\/tvc16.com\/portal\/wp-json\/wp\/v2\/users\/2"}],"replies":[{"embeddable":true,"href":"https:\/\/tvc16.com\/portal\/wp-json\/wp\/v2\/comments?post=5158"}],"version-history":[{"count":1,"href":"https:\/\/tvc16.com\/portal\/wp-json\/wp\/v2\/posts\/5158\/revisions"}],"predecessor-version":[{"id":5160,"href":"https:\/\/tvc16.com\/portal\/wp-json\/wp\/v2\/posts\/5158\/revisions\/5160"}],"wp:featuredmedia":[{"embeddable":true,"href":"https:\/\/tvc16.com\/portal\/wp-json\/wp\/v2\/media\/5159"}],"wp:attachment":[{"href":"https:\/\/tvc16.com\/portal\/wp-json\/wp\/v2\/media?parent=5158"}],"wp:term":[{"taxonomy":"category","embeddable":true,"href":"https:\/\/tvc16.com\/portal\/wp-json\/wp\/v2\/categories?post=5158"},{"taxonomy":"post_tag","embeddable":true,"href":"https:\/\/tvc16.com\/portal\/wp-json\/wp\/v2\/tags?post=5158"}],"curies":[{"name":"wp","href":"https:\/\/api.w.org\/{rel}","templated":true}]}}