{"id":5163,"date":"2020-11-08T13:46:36","date_gmt":"2020-11-08T13:46:36","guid":{"rendered":"https:\/\/tvc16.com\/portal\/?p=5163"},"modified":"2020-11-08T13:46:36","modified_gmt":"2020-11-08T13:46:36","slug":"comercio-de-petropolis-e-autorizado-a-voltar-o-atendimento-em-horario-praticado-antes-da-pandemia","status":"publish","type":"post","link":"https:\/\/tvc16.com\/portal\/2020\/11\/08\/comercio-de-petropolis-e-autorizado-a-voltar-o-atendimento-em-horario-praticado-antes-da-pandemia\/","title":{"rendered":"Com\u00e9rcio de Petr\u00f3polis \u00e9 autorizado a voltar o atendimento em hor\u00e1rio praticado antes da pandemia"},"content":{"rendered":"\n<p><strong>SICOM\u00c9RCIO comemora libera\u00e7\u00e3o antes da Black Friday e do Natal<\/strong><\/p>\n\n\n\n<p>A prefeitura de Petr\u00f3polis publicou na \u00faltima sexta-feira (06), a revoga\u00e7\u00e3o do decreto que norteava o funcionamento do com\u00e9rcio da cidade. Desde junho, quando foi autorizado a reabrir as portas, os estabelecimentos tinham que seguir hor\u00e1rios diferenciados para abertura e fechamento das lojas. Com a revoga\u00e7\u00e3o das medidas publicadas anteriormente pelo executivo, os empres\u00e1rios poder\u00e3o voltar ao hor\u00e1rio praticado antes da pandemia: Centro Hist\u00f3rico de 9h \u00e0s 19h e Rua Teresa e Aureliano Coutinho, de 9h \u00e0s 18h.<\/p>\n\n\n\n<figure class=\"wp-block-image size-large is-style-rounded\"><img loading=\"lazy\" decoding=\"async\" width=\"768\" height=\"1024\" src=\"https:\/\/tvc16.com\/portal\/wp-content\/uploads\/2020\/11\/Marcelo-Fiorini-Presidente-do-Sicomercio-Petropolis-Divulgacao.jpg\" alt=\"\" class=\"wp-image-5164\" srcset=\"https:\/\/tvc16.com\/portal\/wp-content\/uploads\/2020\/11\/Marcelo-Fiorini-Presidente-do-Sicomercio-Petropolis-Divulgacao.jpg 768w, https:\/\/tvc16.com\/portal\/wp-content\/uploads\/2020\/11\/Marcelo-Fiorini-Presidente-do-Sicomercio-Petropolis-Divulgacao-225x300.jpg 225w\" sizes=\"auto, (max-width: 768px) 100vw, 768px\" \/><\/figure>\n\n\n\n<p>\u201cO Sicom\u00e9rcio comemora o retorno dos hor\u00e1rios normais das atividades do setor, principalmente porque estamos h\u00e1 pouco mais de um m\u00eas do Natal e neste m\u00eas temos Black Friday. Essa era uma grande preocupa\u00e7\u00e3o de alguns comerciantes e das grandes redes que temos na cidade. Est\u00e1vamos ansiosos aguardando a libera\u00e7\u00e3o das atividades plenas do com\u00e9rcio\u201d, explica Marcelo Fiorini, presidente do Sindicato do Com\u00e9rcio Varejista de Petr\u00f3polis (SICOM\u00c9RCIO).<\/p>\n\n\n\n<p>A normaliza\u00e7\u00e3o dos hor\u00e1rios vai facilitar tamb\u00e9m a contrata\u00e7\u00e3o de colaboradores tempor\u00e1rios no com\u00e9rcio. Dados do Cadastro Geral de Empregados e Desempregados (CAGED) mostram que o setor vem se recuperando e apresentou saldo positivo na gera\u00e7\u00e3o de empregos por tr\u00eas meses consecutivos.<\/p>\n\n\n\n<p>\u201cCom essa retomada dos hor\u00e1rios teremos a possibilidade de gerar emprego e renda, criando postos de trabalho no setor. O per\u00edodo do Natal aumenta o fluxo de pessoas nas ruas e consequentemente o volume de trabalho nos estabelecimentos\u201d, revela Marcelo.<\/p>\n\n\n\n<p>O com\u00e9rcio continua seguindo todos os protocolos de atendimento estipulados durante a pandemia. As lojas est\u00e3o equipadas com \u00e1lcool em gel para uso dos colaboradores e clientes, muitas utilizam tapetes sanitizantes, houve refor\u00e7o na limpeza das lojas e o uso de m\u00e1scaras de prote\u00e7\u00e3o, que \u00e9 item obrigat\u00f3rio na cidade.<\/p>\n\n\n\n<p>\u201cAs regras continuar\u00e3o sendo observadas. \u00c9 importante continuarmos evoluindo para que as medidas tenham que ser canceladas. Estamos atentos a todos os procedimentos evitando aglomera\u00e7\u00f5es nas lojas, controlando o acesso aos estabelecimentos, para que voltemos a atingir nossa plenitude em breve e com isso o patamar em que est\u00e1vamos antes da pandemia\u201d, reflete Marcelo.<br>&#8212;<\/p>\n","protected":false},"excerpt":{"rendered":"<p>SICOM\u00c9RCIO comemora libera\u00e7\u00e3o antes da Black Friday e do Natal A prefeitura de Petr\u00f3polis publicou<\/p>\n","protected":false},"author":2,"featured_media":5165,"comment_status":"open","ping_status":"open","sticky":false,"template":"","format":"standard","meta":{"footnotes":""},"categories":[12],"tags":[],"class_list":["post-5163","post","type-post","status-publish","format-standard","has-post-thumbnail","hentry","category-cidade"],"_links":{"self":[{"href":"https:\/\/tvc16.com\/portal\/wp-json\/wp\/v2\/posts\/5163","targetHints":{"allow":["GET"]}}],"collection":[{"href":"https:\/\/tvc16.com\/portal\/wp-json\/wp\/v2\/posts"}],"about":[{"href":"https:\/\/tvc16.com\/portal\/wp-json\/wp\/v2\/types\/post"}],"author":[{"embeddable":true,"href":"https:\/\/tvc16.com\/portal\/wp-json\/wp\/v2\/users\/2"}],"replies":[{"embeddable":true,"href":"https:\/\/tvc16.com\/portal\/wp-json\/wp\/v2\/comments?post=5163"}],"version-history":[{"count":1,"href":"https:\/\/tvc16.com\/portal\/wp-json\/wp\/v2\/posts\/5163\/revisions"}],"predecessor-version":[{"id":5166,"href":"https:\/\/tvc16.com\/portal\/wp-json\/wp\/v2\/posts\/5163\/revisions\/5166"}],"wp:featuredmedia":[{"embeddable":true,"href":"https:\/\/tvc16.com\/portal\/wp-json\/wp\/v2\/media\/5165"}],"wp:attachment":[{"href":"https:\/\/tvc16.com\/portal\/wp-json\/wp\/v2\/media?parent=5163"}],"wp:term":[{"taxonomy":"category","embeddable":true,"href":"https:\/\/tvc16.com\/portal\/wp-json\/wp\/v2\/categories?post=5163"},{"taxonomy":"post_tag","embeddable":true,"href":"https:\/\/tvc16.com\/portal\/wp-json\/wp\/v2\/tags?post=5163"}],"curies":[{"name":"wp","href":"https:\/\/api.w.org\/{rel}","templated":true}]}}