{"id":5167,"date":"2020-11-08T13:50:44","date_gmt":"2020-11-08T13:50:44","guid":{"rendered":"https:\/\/tvc16.com\/portal\/?p=5167"},"modified":"2020-11-08T13:50:44","modified_gmt":"2020-11-08T13:50:44","slug":"professora-petropolitana-lanca-livro-com-tema-doacao-de-medula-ossea","status":"publish","type":"post","link":"https:\/\/tvc16.com\/portal\/2020\/11\/08\/professora-petropolitana-lanca-livro-com-tema-doacao-de-medula-ossea\/","title":{"rendered":"Professora petropolitana  lan\u00e7a livro com tema: doa\u00e7\u00e3o de medula \u00f3ssea"},"content":{"rendered":"\n<p>Ser\u00e1 lan\u00e7ado, em 20 de novembro, pela Editora Literar, A QUIMERA PERFEITA, de Vivian Senna. Um livro que traz consigo um grande legado: a import\u00e2ncia da doa\u00e7\u00e3o de medula \u00f3ssea.<\/p>\n\n\n\n<p>Vivian nos emociona e nos encanta ao contar sua hist\u00f3ria sobre como enfrentou, num intervalo de 4 anos, 2 diagn\u00f3sticos de c\u00e2ncer, sendo um deles: a Leucemia Mieloide Aguda.<\/p>\n\n\n\n<p>A obra ser\u00e1 lan\u00e7ada \u00e0s 20:30h, em evento virtual na p\u00e1gina &#8220;Doa\u00e7\u00e3o de medula \u00f3ssea&#8221; no Facebook (@medulaviviansennaforte) e pelo canal do YouTube da autora, e contar\u00e1 com a participa\u00e7\u00e3o da editora Luciana Cunha. No evento, que ter\u00e1 media\u00e7\u00e3o de F\u00e1bio Ferraz, a autora bater\u00e1 um papo com os presentes virtualmente, apresentar\u00e1 sua obra e disponibilizar\u00e1 meios para compra do livro que poder\u00e1 ser entregue em todo Brasil.<\/p>\n\n\n\n<p>Nesse livro, Vivian, al\u00e9m de relatar particularidades da Leucemia Mieloide Aguda e seu tratamento, nos mostra a import\u00e2ncia de encarar as dificuldades, at\u00e9 mesmo a de estar entre a vida e a morte, com positividade, f\u00e9 e um sorriso para cada um que participou com ela dessa jornada pela vida.<\/p>\n\n\n\n<p>A hist\u00f3ria de Vivian nos emociona, nos encanta e, acima de tudo, nos ensina. Mostra-nos como um gesto de amor pelo pr\u00f3ximo \u00e9 importante para salvar uma vida. Porque foi esse amor, de uma pessoa que nem sequer a conhecia, que salvou sua vida e permitiu que ela nos brindasse com essa linda hist\u00f3ria de supera\u00e7\u00e3o.<\/p>\n\n\n\n<p>Sinopse:<\/p>\n\n\n\n<p>Em A Quimera Perfeita, Vivian Senna traz uma narrativa sobre a sua experi\u00eancia em receber diagn\u00f3sticos dif\u00edceis e sobre como os enfrentou com dedica\u00e7\u00e3o e supera\u00e7\u00e3o. Aqui, o foco \u00e9 o seu tratamento de Leucemia Mieloide Aguda e o transplante de medula \u00f3ssea; t\u00e3o temidos. Vivian nos conta como conseguiu enfrentar tantos dias de interna\u00e7\u00e3o com paci\u00eancia e criatividade. O que n\u00e3o a faz descartar os dias de ang\u00fastias, dores e sofrimento. Seu texto nos convida a uma reflex\u00e3o sobre tratamentos de qualidade &#8211; que deveriam ser para todos \u2013 e, tamb\u00e9m, sobre a import\u00e2ncia de enfrentar com resigna\u00e7\u00e3o, esperan\u00e7a e f\u00e9 as adversidades da vida, bem como a import\u00e2ncia de ter uma rede de apoio e afeto, que a sustentou nos momentos mais dif\u00edceis.<\/p>\n\n\n\n<figure class=\"wp-block-image size-large\"><img loading=\"lazy\" decoding=\"async\" width=\"1024\" height=\"669\" src=\"https:\/\/tvc16.com\/portal\/wp-content\/uploads\/2020\/11\/Convite-lancamento-2-1024x669.jpg\" alt=\"\" class=\"wp-image-5169\" srcset=\"https:\/\/tvc16.com\/portal\/wp-content\/uploads\/2020\/11\/Convite-lancamento-2-1024x669.jpg 1024w, https:\/\/tvc16.com\/portal\/wp-content\/uploads\/2020\/11\/Convite-lancamento-2-300x196.jpg 300w, https:\/\/tvc16.com\/portal\/wp-content\/uploads\/2020\/11\/Convite-lancamento-2-768x501.jpg 768w, https:\/\/tvc16.com\/portal\/wp-content\/uploads\/2020\/11\/Convite-lancamento-2-1536x1003.jpg 1536w, https:\/\/tvc16.com\/portal\/wp-content\/uploads\/2020\/11\/Convite-lancamento-2-2048x1337.jpg 2048w, https:\/\/tvc16.com\/portal\/wp-content\/uploads\/2020\/11\/Convite-lancamento-2-370x241.jpg 370w\" sizes=\"auto, (max-width: 1024px) 100vw, 1024px\" \/><\/figure>\n\n\n\n<p>Sobre a autora:<\/p>\n\n\n\n<p>Vivian Senna \u00e9 uma taurina do dia 05 de maio de 1982, nascida em Petr\u00f3polis, regi\u00e3o serrana do Rio de Janeiro. \u00c9 professora, psicomotricista aucouturier e futura psic\u00f3loga. Tamb\u00e9m \u00e9 filha, irm\u00e3, prima, tia, esposa, nora e m\u00e3e (do Pepeu).<\/p>\n\n\n\n<p>Aos 29 anos foi diagnosticada com c\u00e2ncer de mama. Aos 33, foi submetida a um transplante de medula \u00f3ssea, ap\u00f3s um segundo diagn\u00f3stico de c\u00e2ncer &#8211; dessa vez: Leucemia Mieloide Aguda.<\/p>\n\n\n\n<p>Sempre gostou de viajar para onde os livros a conduziam. Agora a viagem foi mais al\u00e9m. Aventurou-se no mundo das palavras para narrar o processo mais doloroso da sua pr\u00f3pria hist\u00f3ria. Se n\u00e3o fosse a criatividade e a ressignifica\u00e7\u00e3o da vida, talvez esse livro jamais saltasse da gaveta para viajar com leitores vida afora.<\/p>\n\n\n\n<p>Atualmente, \u00e9 volunt\u00e1ria do Pr\u00f3-Medula, projeto de conscientiza\u00e7\u00e3o do cadastro e doa\u00e7\u00e3o de medula \u00f3ssea.<\/p>\n\n\n\n\n\n<p>SERVI\u00c7O<\/p>\n\n\n\n<p>LIVE DE LAN\u00c7AMENTO<\/p>\n\n\n\n<p>Livro \u201cA QUIMERA PERFEITA\u201d (Editora Literar, 180 p.)<\/p>\n\n\n\n<p>Pre\u00e7o: R$ 37,90<\/p>\n\n\n\n<p>Sexta-feira, 20 de novembro de 2020, \u00e0s 20h30min<\/p>\n\n\n\n<p>Plataformas: Facebook e YouTube<\/p>\n\n\n\n<p>Editora Literar<\/p>\n\n\n\n<p>WhatsApp: (24) 99316-2976<\/p>\n\n\n\n<figure class=\"wp-block-embed\"><div class=\"wp-block-embed__wrapper\">\nhttps:\/\/editoraliterar.lojaintegrada.com.br\n<\/div><\/figure>\n\n\n\n<p>Facebook: \/editoraliterar<\/p>\n\n\n\n<p>Instagram: @editoraliterar<\/p>\n","protected":false},"excerpt":{"rendered":"<p>Ser\u00e1 lan\u00e7ado, em 20 de novembro, pela Editora Literar, A QUIMERA PERFEITA, de Vivian Senna.<\/p>\n","protected":false},"author":2,"featured_media":5168,"comment_status":"open","ping_status":"open","sticky":false,"template":"","format":"standard","meta":{"footnotes":""},"categories":[12],"tags":[],"class_list":["post-5167","post","type-post","status-publish","format-standard","has-post-thumbnail","hentry","category-cidade"],"_links":{"self":[{"href":"https:\/\/tvc16.com\/portal\/wp-json\/wp\/v2\/posts\/5167","targetHints":{"allow":["GET"]}}],"collection":[{"href":"https:\/\/tvc16.com\/portal\/wp-json\/wp\/v2\/posts"}],"about":[{"href":"https:\/\/tvc16.com\/portal\/wp-json\/wp\/v2\/types\/post"}],"author":[{"embeddable":true,"href":"https:\/\/tvc16.com\/portal\/wp-json\/wp\/v2\/users\/2"}],"replies":[{"embeddable":true,"href":"https:\/\/tvc16.com\/portal\/wp-json\/wp\/v2\/comments?post=5167"}],"version-history":[{"count":1,"href":"https:\/\/tvc16.com\/portal\/wp-json\/wp\/v2\/posts\/5167\/revisions"}],"predecessor-version":[{"id":5170,"href":"https:\/\/tvc16.com\/portal\/wp-json\/wp\/v2\/posts\/5167\/revisions\/5170"}],"wp:featuredmedia":[{"embeddable":true,"href":"https:\/\/tvc16.com\/portal\/wp-json\/wp\/v2\/media\/5168"}],"wp:attachment":[{"href":"https:\/\/tvc16.com\/portal\/wp-json\/wp\/v2\/media?parent=5167"}],"wp:term":[{"taxonomy":"category","embeddable":true,"href":"https:\/\/tvc16.com\/portal\/wp-json\/wp\/v2\/categories?post=5167"},{"taxonomy":"post_tag","embeddable":true,"href":"https:\/\/tvc16.com\/portal\/wp-json\/wp\/v2\/tags?post=5167"}],"curies":[{"name":"wp","href":"https:\/\/api.w.org\/{rel}","templated":true}]}}